{"id":159,"date":"2025-06-01T10:00:09","date_gmt":"2025-06-01T10:00:09","guid":{"rendered":"https:\/\/airfryerchickenwings.com\/fr\/?p=159"},"modified":"2025-06-01T10:00:09","modified_gmt":"2025-06-01T10:00:09","slug":"pommes-de-terre-a-lail-et-au-parmesan","status":"publish","type":"post","link":"https:\/\/airfryerchickenwings.com\/fr\/pommes-de-terre-a-lail-et-au-parmesan\/","title":{"rendered":"Pommes de Terre \u00e0 l\u2019Ail et au Parmesan"},"content":{"rendered":"<h2 data-start=\"212\" data-end=\"289\">\u00a0<strong>Pommes de Terre \u00e0 l\u2019Ail et au Parmesan : Recette Compl\u00e8te et Inratable<\/strong><\/h2>\n<h2 data-start=\"291\" data-end=\"309\">\ud83c\udf3f Introduction<\/h2>\n<p data-start=\"311\" data-end=\"745\">Qu\u2019il s\u2019agisse d\u2019un accompagnement r\u00e9confortant, d\u2019un plat de partage entre amis ou d\u2019une garniture \u00e9l\u00e9gante pour un d\u00eener raffin\u00e9, les <strong data-start=\"447\" data-end=\"489\">pommes de terre \u00e0 l\u2019ail et au parmesan<\/strong> s\u2019imposent comme un classique ind\u00e9modable. Leur popularit\u00e9 ne se d\u00e9ment pas, et pour cause : elles allient \u00e0 merveille la tendresse des pommes de terre r\u00f4ties, le parfum puissant mais doux de l\u2019ail, et le go\u00fbt intense et sal\u00e9 du parmesan fra\u00eechement r\u00e2p\u00e9.<\/p>\n<p data-start=\"747\" data-end=\"899\">Dans une \u00e8re o\u00f9 la cuisine maison prend un nouvel essor gr\u00e2ce \u00e0 la recherche d\u2019authenticit\u00e9 et de saveurs vraies, cette recette coche toutes les cases :<\/p>\n<ul data-start=\"900\" data-end=\"1069\">\n<li data-start=\"900\" data-end=\"924\">\n<p data-start=\"902\" data-end=\"924\"><strong data-start=\"902\" data-end=\"923\">Facile \u00e0 pr\u00e9parer<\/strong>,<\/p>\n<\/li>\n<li data-start=\"925\" data-end=\"952\">\n<p data-start=\"927\" data-end=\"952\"><strong data-start=\"927\" data-end=\"951\">Savoureuse \u00e0 souhait<\/strong>,<\/p>\n<\/li>\n<li data-start=\"953\" data-end=\"998\">\n<p data-start=\"955\" data-end=\"998\"><strong data-start=\"955\" data-end=\"981\">Parfaitement adaptable<\/strong> selon les go\u00fbts,<\/p>\n<\/li>\n<li data-start=\"999\" data-end=\"1069\">\n<p data-start=\"1001\" data-end=\"1069\">Et <strong data-start=\"1004\" data-end=\"1025\">accessible \u00e0 tous<\/strong>, que l\u2019on soit novice ou cuisinier aguerri.<\/p>\n<\/li>\n<\/ul>\n<p data-start=\"1071\" data-end=\"1440\">Le mariage de l\u2019ail et du parmesan est intemporel. Tandis que l\u2019ail offre une touche l\u00e9g\u00e8rement piquante et rustique, le parmesan, avec son umami naturel, vient apporter richesse et profondeur. En enrobant de g\u00e9n\u00e9reux morceaux de pommes de terre, cette combinaison cr\u00e9e un plat irr\u00e9sistible : croustillant \u00e0 l\u2019ext\u00e9rieur, fondant \u00e0 l\u2019int\u00e9rieur, et terriblement addictif.<\/p>\n<p data-start=\"1442\" data-end=\"1491\">Dans cet article de 4000 mots, vous d\u00e9couvrirez :<\/p>\n<ul data-start=\"1492\" data-end=\"1795\">\n<li data-start=\"1492\" data-end=\"1558\">\n<p data-start=\"1494\" data-end=\"1558\">Les secrets d\u2019une cuisson parfaite, avec ou sans friteuse \u00e0 air,<\/p>\n<\/li>\n<li data-start=\"1559\" data-end=\"1613\">\n<p data-start=\"1561\" data-end=\"1613\">Des astuces pour choisir les bonnes pommes de terre,<\/p>\n<\/li>\n<li data-start=\"1614\" data-end=\"1667\">\n<p data-start=\"1616\" data-end=\"1667\">Des variantes pour adapter la recette \u00e0 vos envies,<\/p>\n<\/li>\n<li data-start=\"1668\" data-end=\"1717\">\n<p data-start=\"1670\" data-end=\"1717\">Des id\u00e9es d\u2019accompagnements et de pr\u00e9sentation,<\/p>\n<\/li>\n<li data-start=\"1718\" data-end=\"1795\">\n<p data-start=\"1720\" data-end=\"1795\">Et, bien entendu, une <strong data-start=\"1742\" data-end=\"1773\">recette d\u00e9taill\u00e9e pas \u00e0 pas<\/strong>, test\u00e9e et approuv\u00e9e.<\/p>\n<\/li>\n<\/ul>\n<h2 data-start=\"1802\" data-end=\"1868\">\ud83e\uddd1\u200d\ud83c\udf73 <strong>Recette Compl\u00e8te : Pommes de Terre \u00e0 l\u2019Ail et au Parmesan<\/strong><\/h2>\n<h3 data-start=\"1875\" data-end=\"1911\">\ud83d\uded2 Ingr\u00e9dients (4 \u00e0 6 personnes)<\/h3>\n<h4 data-start=\"1913\" data-end=\"1947\">\ud83e\udd54 Pour les pommes de terre :<\/h4>\n<ul data-start=\"1948\" data-end=\"2292\">\n<li data-start=\"1948\" data-end=\"2014\">\n<p data-start=\"1950\" data-end=\"2014\">1,2 kg de pommes de terre (de type grenaille, charlotte ou baby)<\/p>\n<\/li>\n<li data-start=\"2015\" data-end=\"2049\">\n<p data-start=\"2017\" data-end=\"2049\">4 \u00e0 5 gousses d\u2019ail frais \u00e9minc\u00e9<\/p>\n<\/li>\n<li data-start=\"2050\" data-end=\"2087\">\n<p data-start=\"2052\" data-end=\"2087\">4 cuill\u00e8res \u00e0 soupe d\u2019huile d\u2019olive<\/p>\n<\/li>\n<li data-start=\"2088\" data-end=\"2139\">\n<p data-start=\"2090\" data-end=\"2139\">80 g de parmesan r\u00e2p\u00e9 (fra\u00eechement de pr\u00e9f\u00e9rence)<\/p>\n<\/li>\n<li data-start=\"2140\" data-end=\"2175\">\n<p data-start=\"2142\" data-end=\"2175\">1 cuill\u00e8re \u00e0 caf\u00e9 de paprika doux<\/p>\n<\/li>\n<li data-start=\"2176\" data-end=\"2223\">\n<p data-start=\"2178\" data-end=\"2223\">1 cuill\u00e8re \u00e0 caf\u00e9 d\u2019origan s\u00e9ch\u00e9 (facultatif)<\/p>\n<\/li>\n<li data-start=\"2224\" data-end=\"2249\">\n<p data-start=\"2226\" data-end=\"2249\">Sel et poivre du moulin<\/p>\n<\/li>\n<li data-start=\"2250\" data-end=\"2292\">\n<p data-start=\"2252\" data-end=\"2292\">Persil frais hach\u00e9 pour la touche finale<\/p>\n<\/li>\n<\/ul>\n<h3 data-start=\"2299\" data-end=\"2328\">\ud83d\udd27 Ustensiles n\u00e9cessaires<\/h3>\n<ul data-start=\"2330\" data-end=\"2505\">\n<li data-start=\"2330\" data-end=\"2346\">\n<p data-start=\"2332\" data-end=\"2346\">Grand saladier<\/p>\n<\/li>\n<li data-start=\"2347\" data-end=\"2394\">\n<p data-start=\"2349\" data-end=\"2394\">Plaque de cuisson ou panier de friteuse \u00e0 air<\/p>\n<\/li>\n<li data-start=\"2395\" data-end=\"2421\">\n<p data-start=\"2397\" data-end=\"2421\">Papier cuisson (si four)<\/p>\n<\/li>\n<li data-start=\"2422\" data-end=\"2451\">\n<p data-start=\"2424\" data-end=\"2451\">Spatule ou cuill\u00e8re en bois<\/p>\n<\/li>\n<li data-start=\"2452\" data-end=\"2505\">\n<p data-start=\"2454\" data-end=\"2505\">\u00c9ventuellement : r\u00e2pe \u00e0 fromage, pinceau de cuisine<\/p>\n<\/li>\n<\/ul>\n<h3 data-start=\"2512\" data-end=\"2540\">\ud83d\udccd <strong>\u00c9tapes de Pr\u00e9paration<\/strong><\/h3>\n<h3 data-start=\"2547\" data-end=\"2596\">\ud83d\udd39 1. Choisir et pr\u00e9parer les pommes de terre<\/h3>\n<ol data-start=\"2598\" data-end=\"2847\">\n<li data-start=\"2598\" data-end=\"2661\">\n<p data-start=\"2601\" data-end=\"2661\">Lavez soigneusement les pommes de terre sous l\u2019eau froide.<\/p>\n<\/li>\n<li data-start=\"2662\" data-end=\"2755\">\n<p data-start=\"2665\" data-end=\"2755\">Brossez-les si elles sont bio, sinon \u00e9pluchez-les l\u00e9g\u00e8rement si vous pr\u00e9f\u00e9rez sans peau.<\/p>\n<\/li>\n<li data-start=\"2756\" data-end=\"2847\">\n<p data-start=\"2759\" data-end=\"2847\">Coupez-les en <strong data-start=\"2773\" data-end=\"2813\">quartiers ou demi-rondelles \u00e9paisses<\/strong>. Le but : garder une belle m\u00e2che.<\/p>\n<\/li>\n<\/ol>\n<p data-start=\"2849\" data-end=\"2926\">\ud83d\udc49 <em data-start=\"2852\" data-end=\"2926\">Astuce : privil\u00e9giez des vari\u00e9t\u00e9s fermes qui tiennent bien \u00e0 la cuisson.<\/em><\/p>\n<h3 data-start=\"2933\" data-end=\"2954\">\ud83d\udd39 2. Assaisonner<\/h3>\n<p data-start=\"2956\" data-end=\"2980\">Dans un grand saladier :<\/p>\n<ol data-start=\"2981\" data-end=\"3192\">\n<li data-start=\"2981\" data-end=\"3024\">\n<p data-start=\"2984\" data-end=\"3024\">D\u00e9posez les morceaux de pommes de terre.<\/p>\n<\/li>\n<li data-start=\"3025\" data-end=\"3133\">\n<p data-start=\"3028\" data-end=\"3133\">Ajoutez l\u2019<strong data-start=\"3038\" data-end=\"3055\">huile d\u2019olive<\/strong>, l\u2019<strong data-start=\"3059\" data-end=\"3073\">ail \u00e9minc\u00e9<\/strong>, le <strong data-start=\"3078\" data-end=\"3089\">paprika<\/strong>, l\u2019<strong data-start=\"3093\" data-end=\"3103\">origan<\/strong>, du <strong data-start=\"3108\" data-end=\"3115\">sel<\/strong> et du <strong data-start=\"3122\" data-end=\"3132\">poivre<\/strong>.<\/p>\n<\/li>\n<li data-start=\"3134\" data-end=\"3192\">\n<p data-start=\"3137\" data-end=\"3192\">M\u00e9langez bien pour enrober chaque morceau uniform\u00e9ment.<\/p>\n<\/li>\n<\/ol>\n<h3 data-start=\"3199\" data-end=\"3228\">\ud83d\udd39 3. Ajouter le parmesan<\/h3>\n<ol data-start=\"3230\" data-end=\"3480\">\n<li data-start=\"3230\" data-end=\"3298\">\n<p data-start=\"3233\" data-end=\"3298\">R\u00e9servez une petite poign\u00e9e de parmesan pour saupoudrer \u00e0 la fin.<\/p>\n<\/li>\n<li data-start=\"3299\" data-end=\"3348\">\n<p data-start=\"3302\" data-end=\"3348\">Ajoutez le reste directement dans le saladier.<\/p>\n<\/li>\n<li data-start=\"3349\" data-end=\"3480\">\n<p data-start=\"3352\" data-end=\"3480\">M\u00e9langez de nouveau doucement : le fromage va l\u00e9g\u00e8rement coller aux pommes de terre et former une cro\u00fbte gourmande \u00e0 la cuisson.<\/p>\n<\/li>\n<\/ol>\n<h3 data-start=\"3487\" data-end=\"3504\">\ud83d\udd39 4. Cuisson<\/h3>\n<h4 data-start=\"3506\" data-end=\"3530\">\ud83d\udd25 Option au four :<\/h4>\n<ol data-start=\"3531\" data-end=\"3738\">\n<li data-start=\"3531\" data-end=\"3590\">\n<p data-start=\"3534\" data-end=\"3590\">Pr\u00e9chauffez votre four \u00e0 <strong data-start=\"3559\" data-end=\"3589\">200 \u00b0C (chaleur tournante)<\/strong>.<\/p>\n<\/li>\n<li data-start=\"3591\" data-end=\"3667\">\n<p data-start=\"3594\" data-end=\"3667\">Disposez les pommes de terre sur une plaque recouverte de papier cuisson.<\/p>\n<\/li>\n<li data-start=\"3668\" data-end=\"3738\">\n<p data-start=\"3671\" data-end=\"3738\">Enfournez pour <strong data-start=\"3686\" data-end=\"3705\">35 \u00e0 40 minutes<\/strong>, en les retournant \u00e0 mi-cuisson.<\/p>\n<\/li>\n<\/ol>\n<h4 data-start=\"3740\" data-end=\"3777\">\ud83c\udf2c\ufe0f Option \u00e0 la friteuse \u00e0 air :<\/h4>\n<ol data-start=\"3778\" data-end=\"3993\">\n<li data-start=\"3778\" data-end=\"3840\">\n<p data-start=\"3781\" data-end=\"3840\">Pr\u00e9chauffez la friteuse \u00e0 <strong data-start=\"3807\" data-end=\"3839\">190 \u00b0C pendant 3 \u00e0 5 minutes<\/strong>.<\/p>\n<\/li>\n<li data-start=\"3841\" data-end=\"3920\">\n<p data-start=\"3844\" data-end=\"3920\">D\u00e9posez les pommes de terre dans le panier, en \u00e9vitant de trop les entasser.<\/p>\n<\/li>\n<li data-start=\"3921\" data-end=\"3993\">\n<p data-start=\"3924\" data-end=\"3993\">Faites cuire <strong data-start=\"3937\" data-end=\"3956\">20 \u00e0 25 minutes<\/strong>, en secouant le panier \u00e0 mi-cuisson.<\/p>\n<\/li>\n<\/ol>\n<p data-start=\"3995\" data-end=\"4074\">\ud83d\udc49 <em data-start=\"3998\" data-end=\"4074\">Les pommes de terre doivent \u00eatre bien dor\u00e9es et croustillantes en surface.<\/em><\/p>\n<h3 data-start=\"4081\" data-end=\"4099\">\ud83d\udd39 5. Finition<\/h3>\n<ol data-start=\"4101\" data-end=\"4308\">\n<li data-start=\"4101\" data-end=\"4205\">\n<p data-start=\"4104\" data-end=\"4205\">\u00c0 la sortie de cuisson, saupoudrez imm\u00e9diatement le <strong data-start=\"4156\" data-end=\"4176\">parmesan r\u00e9serv\u00e9<\/strong> pour qu\u2019il fonde l\u00e9g\u00e8rement.<\/p>\n<\/li>\n<li data-start=\"4206\" data-end=\"4286\">\n<p data-start=\"4209\" data-end=\"4286\">Ajoutez le <strong data-start=\"4220\" data-end=\"4236\">persil frais<\/strong> hach\u00e9 pour une touche de fra\u00eecheur et de couleur.<\/p>\n<\/li>\n<li data-start=\"4287\" data-end=\"4308\">\n<p data-start=\"4290\" data-end=\"4308\">Servez bien chaud.<\/p>\n<\/li>\n<\/ol>\n<h2 data-start=\"4315\" data-end=\"4345\">\u00a0Id\u00e9es d\u2019Accompagnements<\/h2>\n<p data-start=\"4347\" data-end=\"4484\">Ces pommes de terre \u00e0 l\u2019ail et au parmesan sont si savoureuses qu\u2019elles se suffisent \u00e0 elles-m\u00eames\u2026 mais elles accompagnent \u00e0 merveille :<\/p>\n<h3 data-start=\"4486\" data-end=\"4502\">\ud83c\udf56 Viandes :<\/h3>\n<ul data-start=\"4503\" data-end=\"4600\">\n<li data-start=\"4503\" data-end=\"4527\">\n<p data-start=\"4505\" data-end=\"4527\">C\u00f4tes de porc grill\u00e9es<\/p>\n<\/li>\n<li data-start=\"4528\" data-end=\"4556\">\n<p data-start=\"4530\" data-end=\"4556\">Filets de poulet au citron<\/p>\n<\/li>\n<li data-start=\"4557\" data-end=\"4571\">\n<p data-start=\"4559\" data-end=\"4571\">C\u00f4te de b\u0153uf<\/p>\n<\/li>\n<li data-start=\"4572\" data-end=\"4600\">\n<p data-start=\"4574\" data-end=\"4600\">R\u00f4ti de veau \u00e0 la moutarde<\/p>\n<\/li>\n<\/ul>\n<h3 data-start=\"4602\" data-end=\"4619\">\ud83d\udc1f Poissons :<\/h3>\n<ul data-start=\"4620\" data-end=\"4678\">\n<li data-start=\"4620\" data-end=\"4633\">\n<p data-start=\"4622\" data-end=\"4633\">Saumon r\u00f4ti<\/p>\n<\/li>\n<li data-start=\"4634\" data-end=\"4661\">\n<p data-start=\"4636\" data-end=\"4661\">Filets de cabillaud pan\u00e9s<\/p>\n<\/li>\n<li data-start=\"4662\" data-end=\"4678\">\n<p data-start=\"4664\" data-end=\"4678\">Pav\u00e9 de dorade<\/p>\n<\/li>\n<\/ul>\n<h3 data-start=\"4680\" data-end=\"4706\">\ud83e\udd57 Plats v\u00e9g\u00e9tariens :<\/h3>\n<ul data-start=\"4707\" data-end=\"4817\">\n<li data-start=\"4707\" data-end=\"4724\">\n<p data-start=\"4709\" data-end=\"4724\">L\u00e9gumes grill\u00e9s<\/p>\n<\/li>\n<li data-start=\"4725\" data-end=\"4744\">\n<p data-start=\"4727\" data-end=\"4744\">Tofu croustillant<\/p>\n<\/li>\n<li data-start=\"4745\" data-end=\"4787\">\n<p data-start=\"4747\" data-end=\"4787\">Salade verte avec vinaigrette balsamique<\/p>\n<\/li>\n<li data-start=\"4788\" data-end=\"4817\">\n<p data-start=\"4790\" data-end=\"4817\">\u0152ufs mollets ou \u0153ufs poch\u00e9s<\/p>\n<\/li>\n<\/ul>\n<h2 data-start=\"4824\" data-end=\"4849\">\ud83d\udca1 Variantes \u00e0 essayer<\/h2>\n<h3 data-start=\"4856\" data-end=\"4881\">\u00a0Version piquante :<\/h3>\n<p data-start=\"4882\" data-end=\"4946\">Ajoutez une pinc\u00e9e de piment d\u2019Espelette ou de flocons de chili.<\/p>\n<h3 data-start=\"4948\" data-end=\"4974\">\ud83c\udf4b Version citronn\u00e9e :<\/h3>\n<p data-start=\"4975\" data-end=\"5039\">Ajoutez du zeste de citron et un filet de jus en fin de cuisson.<\/p>\n<h3 data-start=\"5041\" data-end=\"5065\">\ud83c\udf3f Herbes fra\u00eeches :<\/h3>\n<p data-start=\"5066\" data-end=\"5136\">Remplacez le persil par du romarin, de la ciboulette ou du thym frais.<\/p>\n<h3 data-start=\"5138\" data-end=\"5164\">\ud83e\uddc0 Fromage diff\u00e9rent :<\/h3>\n<p data-start=\"5165\" data-end=\"5236\">Essayez avec du grana padano, du pecorino ou m\u00eame un peu de comt\u00e9 r\u00e2p\u00e9.<\/p>\n<h3 data-start=\"5238\" data-end=\"5271\">\ud83e\uddc8 Variante au beurre fondu :<\/h3>\n<p data-start=\"5272\" data-end=\"5350\">Remplacez l\u2019huile d\u2019olive par du beurre fondu \u00e0 l\u2019ail pour un go\u00fbt plus riche.<\/p>\n<h2 data-start=\"5357\" data-end=\"5390\">\u00a0Conservation et R\u00e9chauffage<\/h2>\n<ul data-start=\"5392\" data-end=\"5602\">\n<li data-start=\"5392\" data-end=\"5461\">\n<p data-start=\"5394\" data-end=\"5461\">Ces pommes de terre se conservent <strong data-start=\"5428\" data-end=\"5460\">2 \u00e0 3 jours au r\u00e9frig\u00e9rateur<\/strong>.<\/p>\n<\/li>\n<li data-start=\"5462\" data-end=\"5602\">\n<p data-start=\"5464\" data-end=\"5485\">Pour les r\u00e9chauffer :<\/p>\n<ul data-start=\"5488\" data-end=\"5602\">\n<li data-start=\"5488\" data-end=\"5550\">\n<p data-start=\"5490\" data-end=\"5550\"><strong data-start=\"5490\" data-end=\"5524\">Au four ou \u00e0 la friteuse \u00e0 air<\/strong> : 5 \u00e0 7 minutes \u00e0 180 \u00b0C.<\/p>\n<\/li>\n<li data-start=\"5553\" data-end=\"5602\">\n<p data-start=\"5555\" data-end=\"5602\">\u00c9vitez le micro-ondes, qui les rendrait molles.<\/p>\n<\/li>\n<\/ul>\n<\/li>\n<\/ul>\n<h2 data-start=\"5609\" data-end=\"5658\"><strong>\u00a0Valeur nutritionnelle estim\u00e9e (par portion)<\/strong><\/h2>\n<ul data-start=\"5660\" data-end=\"5765\">\n<li data-start=\"5660\" data-end=\"5691\">\n<p data-start=\"5662\" data-end=\"5691\">Calories : environ 250 kcal<\/p>\n<\/li>\n<li data-start=\"5692\" data-end=\"5711\">\n<p data-start=\"5694\" data-end=\"5711\">Glucides : 25 g<\/p>\n<\/li>\n<li data-start=\"5712\" data-end=\"5731\">\n<p data-start=\"5714\" data-end=\"5731\">Prot\u00e9ines : 6 g<\/p>\n<\/li>\n<li data-start=\"5732\" data-end=\"5750\">\n<p data-start=\"5734\" data-end=\"5750\">Lipides : 12 g<\/p>\n<\/li>\n<li data-start=\"5751\" data-end=\"5765\">\n<p data-start=\"5753\" data-end=\"5765\">Fibres : 3 g<\/p>\n<\/li>\n<\/ul>\n<p data-start=\"5767\" data-end=\"5841\">\ud83d\udc49 <em data-start=\"5770\" data-end=\"5841\">Les valeurs varient selon la quantit\u00e9 d\u2019huile et de fromage utilis\u00e9e.<\/em><\/p>\n<h2 data-start=\"5848\" data-end=\"5870\">\u00a0Conseils du chef<\/h2>\n<ul data-start=\"5872\" data-end=\"6201\">\n<li data-start=\"5872\" data-end=\"5951\">\n<p data-start=\"5874\" data-end=\"5951\">Ne lavez pas l\u2019ail apr\u00e8s l\u2019avoir \u00e9minc\u00e9, cela retire une partie de son ar\u00f4me.<\/p>\n<\/li>\n<li data-start=\"5952\" data-end=\"6015\">\n<p data-start=\"5954\" data-end=\"6015\">M\u00e9langez \u00e0 la main dans le saladier pour un enrobage parfait.<\/p>\n<\/li>\n<li data-start=\"6016\" data-end=\"6114\">\n<p data-start=\"6018\" data-end=\"6114\">Pour encore plus de croustillant : ajoutez une cuill\u00e8re \u00e0 soupe de chapelure fine avant cuisson.<\/p>\n<\/li>\n<li data-start=\"6115\" data-end=\"6201\">\n<p data-start=\"6117\" data-end=\"6201\">Vous pouvez pr\u00e9cuire l\u00e9g\u00e8rement les pommes de terre \u00e0 la vapeur si vous \u00eates press\u00e9.<\/p>\n<\/li>\n<\/ul>\n<h2 data-start=\"6208\" data-end=\"6264\"><strong>\u00a0Pourquoi cette recette est-elle un incontournable ?<\/strong><\/h2>\n<ul data-start=\"6266\" data-end=\"6574\">\n<li data-start=\"6266\" data-end=\"6318\">\n<p data-start=\"6268\" data-end=\"6318\"><strong data-start=\"6268\" data-end=\"6283\">Polyvalente<\/strong> : accompagnement ou plat principal<\/p>\n<\/li>\n<li data-start=\"6319\" data-end=\"6372\">\n<p data-start=\"6321\" data-end=\"6372\"><strong data-start=\"6321\" data-end=\"6335\">\u00c9conomique<\/strong> : ingr\u00e9dients simples et accessibles<\/p>\n<\/li>\n<li data-start=\"6373\" data-end=\"6432\">\n<p data-start=\"6375\" data-end=\"6432\"><strong data-start=\"6375\" data-end=\"6388\">Adaptable<\/strong> : au four, \u00e0 l\u2019air fryer, avec ou sans peau<\/p>\n<\/li>\n<li data-start=\"6433\" data-end=\"6508\">\n<p data-start=\"6435\" data-end=\"6508\"><strong data-start=\"6435\" data-end=\"6449\">D\u00e9licieuse<\/strong> : l\u2019\u00e9quilibre parfait entre ail, fromage et pomme de terre<\/p>\n<\/li>\n<li data-start=\"6509\" data-end=\"6574\">\n<p data-start=\"6511\" data-end=\"6574\"><strong data-start=\"6511\" data-end=\"6521\">Rapide<\/strong> : pr\u00e9paration en 10 minutes + cuisson en 20 \u00e0 40 min<\/p>\n<\/li>\n<\/ul>\n<h2 data-start=\"6581\" data-end=\"6597\">\u00a0<strong>Conclusion<\/strong><\/h2>\n<p data-start=\"6599\" data-end=\"6883\">Les <strong data-start=\"6603\" data-end=\"6645\">pommes de terre \u00e0 l\u2019ail et au parmesan<\/strong> sont la preuve qu\u2019on n\u2019a pas besoin d\u2019ingr\u00e9dients complexes ni de techniques \u00e9labor\u00e9es pour pr\u00e9parer un plat incroyablement savoureux. Cette recette incarne le meilleur de la cuisine maison : g\u00e9n\u00e9reuse, r\u00e9confortante et toujours r\u00e9ussie.<\/p>\n<p data-start=\"6885\" data-end=\"7209\">Que ce soit pour une tabl\u00e9e conviviale, un d\u00eener press\u00e9 ou m\u00eame une version plus festive lors des f\u00eates, elles savent se faire une place \u00e0 toutes les tables. Leur texture parfaite, entre fondant et croustillant, associ\u00e9e \u00e0 la richesse du parmesan et au parfum de l\u2019ail en fait une pr\u00e9paration qui pla\u00eet <strong data-start=\"7188\" data-end=\"7208\">\u00e0 tous les coups<\/strong>.<\/p>\n<p data-start=\"7211\" data-end=\"7342\">Alors, \u00e0 vos friteuses \u00e0 air ou \u00e0 vos fours, et laissez-vous tenter par ce grand classique revisit\u00e9 \u00e0 votre fa\u00e7on. Bon app\u00e9tit ! \ud83d\ude0b<\/p>\n","protected":false},"excerpt":{"rendered":"<p>\u00a0Pommes de Terre \u00e0 l\u2019Ail et au Parmesan : Recette Compl\u00e8te et Inratable \ud83c\udf3f Introduction Qu\u2019il s\u2019agisse d\u2019un accompagnement r\u00e9confortant, d\u2019un plat de partage entre amis ou d\u2019une garniture \u00e9l\u00e9gante &#8230; <\/p>\n<p class=\"read-more-container\"><a title=\"Pommes de Terre \u00e0 l\u2019Ail et au Parmesan\" class=\"read-more button\" href=\"https:\/\/airfryerchickenwings.com\/fr\/pommes-de-terre-a-lail-et-au-parmesan\/#more-159\" aria-label=\"En savoir plus sur Pommes de Terre \u00e0 l\u2019Ail et au Parmesan\">Read more<\/a><\/p>\n","protected":false},"author":1,"featured_media":160,"comment_status":"open","ping_status":"open","sticky":false,"template":"","format":"standard","meta":{"footnotes":""},"categories":[4],"tags":[],"class_list":["post-159","post","type-post","status-publish","format-standard","has-post-thumbnail","hentry","category-friteuse-a-air","generate-columns","tablet-grid-50","mobile-grid-100","grid-parent","grid-50","no-featured-image-padding"],"_links":{"self":[{"href":"https:\/\/airfryerchickenwings.com\/fr\/wp-json\/wp\/v2\/posts\/159","targetHints":{"allow":["GET"]}}],"collection":[{"href":"https:\/\/airfryerchickenwings.com\/fr\/wp-json\/wp\/v2\/posts"}],"about":[{"href":"https:\/\/airfryerchickenwings.com\/fr\/wp-json\/wp\/v2\/types\/post"}],"author":[{"embeddable":true,"href":"https:\/\/airfryerchickenwings.com\/fr\/wp-json\/wp\/v2\/users\/1"}],"replies":[{"embeddable":true,"href":"https:\/\/airfryerchickenwings.com\/fr\/wp-json\/wp\/v2\/comments?post=159"}],"version-history":[{"count":1,"href":"https:\/\/airfryerchickenwings.com\/fr\/wp-json\/wp\/v2\/posts\/159\/revisions"}],"predecessor-version":[{"id":161,"href":"https:\/\/airfryerchickenwings.com\/fr\/wp-json\/wp\/v2\/posts\/159\/revisions\/161"}],"wp:featuredmedia":[{"embeddable":true,"href":"https:\/\/airfryerchickenwings.com\/fr\/wp-json\/wp\/v2\/media\/160"}],"wp:attachment":[{"href":"https:\/\/airfryerchickenwings.com\/fr\/wp-json\/wp\/v2\/media?parent=159"}],"wp:term":[{"taxonomy":"category","embeddable":true,"href":"https:\/\/airfryerchickenwings.com\/fr\/wp-json\/wp\/v2\/categories?post=159"},{"taxonomy":"post_tag","embeddable":true,"href":"https:\/\/airfryerchickenwings.com\/fr\/wp-json\/wp\/v2\/tags?post=159"}],"curies":[{"name":"wp","href":"https:\/\/api.w.org\/{rel}","templated":true}]}}