{"id":365,"date":"2025-10-17T15:25:44","date_gmt":"2025-10-17T15:25:44","guid":{"rendered":"https:\/\/airfryerchickenwings.com\/fr\/?p=365"},"modified":"2025-10-17T15:25:44","modified_gmt":"2025-10-17T15:25:44","slug":"recette-de-cremes-aux-oeufs-a-la-friteuse-a-air","status":"publish","type":"post","link":"https:\/\/airfryerchickenwings.com\/fr\/recette-de-cremes-aux-oeufs-a-la-friteuse-a-air\/","title":{"rendered":"Recette de Cr\u00e8mes aux \u0152ufs \u00e0 la Friteuse \u00e0 Air"},"content":{"rendered":"<h2 data-start=\"286\" data-end=\"357\">\ud83e\udd5a <strong>Cr\u00e8mes aux \u0152ufs \u00e0 la Friteuse \u00e0 Air : Douceur Vanill\u00e9e et Fondante<\/strong><\/h2>\n<h2 data-start=\"359\" data-end=\"377\">\ud83c\udf38 Introduction<\/h2>\n<p data-start=\"379\" data-end=\"844\">La cr\u00e8me aux \u0153ufs est un grand classique des desserts fran\u00e7ais, un symbole de simplicit\u00e9 et de r\u00e9confort. Sa texture onctueuse, sa saveur douce et vanill\u00e9e rappellent souvent les go\u00fbters d\u2019enfance ou les repas familiaux du dimanche. Traditionnellement cuite au bain-marie, cette cr\u00e8me se r\u00e9invente aujourd\u2019hui gr\u00e2ce \u00e0 la friteuse \u00e0 air \u2014 cette petite r\u00e9volution culinaire qui permet de tout cuisiner, du sal\u00e9 au sucr\u00e9, avec une pr\u00e9cision et une l\u00e9g\u00e8ret\u00e9 \u00e9tonnantes.<\/p>\n<p data-start=\"846\" data-end=\"1173\">Gr\u00e2ce \u00e0 l\u2019Air Fryer, plus besoin d\u2019allumer le four, d\u2019attendre la mont\u00e9e en temp\u00e9rature, ni de manipuler des plats d\u2019eau br\u00fblante : tout se fait facilement, rapidement et avec une texture parfaite. R\u00e9sultat : une cr\u00e8me douce, fondante, l\u00e9g\u00e8rement caram\u00e9lis\u00e9e sur le dessus, et un parfum de vanille qui embaume toute la cuisine.<\/p>\n<p data-start=\"1175\" data-end=\"1476\">Cette recette est aussi id\u00e9ale pour les gourmands press\u00e9s : en moins de 20 minutes, vous obtenez un dessert maison qui rivalise avec ceux des grands-m\u00e8res \u2014 et qui peut \u00eatre personnalis\u00e9 \u00e0 l\u2019infini ! Framboises, caramel, chocolat, ou encore zestes d\u2019agrumes : la base se pr\u00eate \u00e0 toutes les fantaisies.<\/p>\n<h3 data-start=\"1483\" data-end=\"1535\">\ud83c\udf6e <strong>Recette de Cr\u00e8mes aux \u0152ufs \u00e0 la Friteuse \u00e0 Air<\/strong><\/h3>\n<h3 data-start=\"1537\" data-end=\"1578\">\ud83e\uddfa Ingr\u00e9dients (pour 4 \u00e0 6 ramequins)<\/h3>\n<ul data-start=\"1580\" data-end=\"1906\">\n<li data-start=\"1580\" data-end=\"1612\">\n<p data-start=\"1582\" data-end=\"1612\">\ud83e\udd5b 500 ml de lait entier<\/p>\n<\/li>\n<li data-start=\"1613\" data-end=\"1647\">\n<p data-start=\"1615\" data-end=\"1647\">\ud83c\udf6c 40 g de sucre en poudre<\/p>\n<\/li>\n<li data-start=\"1648\" data-end=\"1729\">\n<p data-start=\"1650\" data-end=\"1729\">\ud83c\udf6f 2 sachets de sucre vanill\u00e9 (ou 1 c. \u00e0 c. d\u2019extrait de vanille liquide)<\/p>\n<\/li>\n<li data-start=\"1730\" data-end=\"1755\">\n<p data-start=\"1732\" data-end=\"1755\">\ud83e\udd5a 3 \u0153ufs entiers<\/p>\n<\/li>\n<li data-start=\"1756\" data-end=\"1833\">\n<p data-start=\"1758\" data-end=\"1833\">\ud83c\udf53 Quelques framboises surgel\u00e9es (facultatif, pour la touche fruit\u00e9e)<\/p>\n<\/li>\n<li data-start=\"1834\" data-end=\"1906\">\n<p data-start=\"1836\" data-end=\"1906\">\ud83c\udf6e Caramel liquide (optionnel pour napper le fond des ramequins)<\/p>\n<\/li>\n<\/ul>\n<h3 data-start=\"1908\" data-end=\"1934\">\u2699\ufe0f Mat\u00e9riel n\u00e9cessaire<\/h3>\n<ul data-start=\"1936\" data-end=\"2125\">\n<li data-start=\"1936\" data-end=\"1968\">\n<p data-start=\"1938\" data-end=\"1968\">1 friteuse \u00e0 air (Air Fryer)<\/p>\n<\/li>\n<li data-start=\"1969\" data-end=\"2040\">\n<p data-start=\"1971\" data-end=\"2040\">4 \u00e0 6 ramequins en c\u00e9ramique ou en silicone r\u00e9sistants \u00e0 la chaleur<\/p>\n<\/li>\n<li data-start=\"2041\" data-end=\"2060\">\n<p data-start=\"2043\" data-end=\"2060\">1 bol m\u00e9langeur<\/p>\n<\/li>\n<li data-start=\"2061\" data-end=\"2072\">\n<p data-start=\"2063\" data-end=\"2072\">1 fouet<\/p>\n<\/li>\n<li data-start=\"2073\" data-end=\"2125\">\n<p data-start=\"2075\" data-end=\"2125\">1 casserole (ou micro-ondes) pour ti\u00e9dir le lait<\/p>\n<\/li>\n<\/ul>\n<h3 data-start=\"2132\" data-end=\"2162\">\ud83d\udc69\u200d\ud83c\udf73 <strong>\u00c9tapes de Pr\u00e9paration<\/strong><\/h3>\n<h3 data-start=\"2164\" data-end=\"2203\">1\ufe0f\u20e3 Pr\u00e9paration de la base vanill\u00e9e<\/h3>\n<ol data-start=\"2205\" data-end=\"2770\">\n<li data-start=\"2205\" data-end=\"2305\">\n<p data-start=\"2208\" data-end=\"2305\"><strong data-start=\"2208\" data-end=\"2250\">Pr\u00e9chauffez la friteuse \u00e0 air \u00e0 160 \u00b0C<\/strong> pendant 5 minutes, le temps de pr\u00e9parer votre cr\u00e8me.<\/p>\n<\/li>\n<li data-start=\"2306\" data-end=\"2458\">\n<p data-start=\"2309\" data-end=\"2458\">Dans une casserole, <strong data-start=\"2329\" data-end=\"2354\">faites ti\u00e9dir le lait<\/strong> avec les deux sachets de sucre vanill\u00e9. Le lait doit \u00eatre chaud mais non bouillant, environ 60-70 \u00b0C.<\/p>\n<\/li>\n<li data-start=\"2459\" data-end=\"2648\">\n<p data-start=\"2462\" data-end=\"2648\">Pendant ce temps, <strong data-start=\"2480\" data-end=\"2499\">battez les \u0153ufs<\/strong> dans un bol avec le sucre jusqu\u2019\u00e0 ce que le m\u00e9lange devienne l\u00e9g\u00e8rement mousseux. Inutile de blanchir longuement : il s\u2019agit juste d\u2019homog\u00e9n\u00e9iser.<\/p>\n<\/li>\n<li data-start=\"2649\" data-end=\"2770\">\n<p data-start=\"2652\" data-end=\"2770\"><strong data-start=\"2652\" data-end=\"2686\">Versez lentement le lait ti\u00e8de<\/strong> sur le m\u00e9lange \u0153ufs-sucre en fouettant doucement pour \u00e9viter de \u201ccuire\u201d les \u0153ufs.<\/p>\n<\/li>\n<\/ol>\n<p data-start=\"2772\" data-end=\"2933\">\ud83d\udc49 Astuce : si vous souhaitez une texture plus dense, ajoutez une cuill\u00e8re \u00e0 caf\u00e9 de ma\u00efzena, sinon restez sur la version traditionnelle pour un fondant parfait.<\/p>\n<h3 data-start=\"2940\" data-end=\"2973\">2\ufe0f\u20e3 Pr\u00e9paration des ramequins<\/h3>\n<ol data-start=\"2975\" data-end=\"3287\">\n<li data-start=\"2975\" data-end=\"3078\">\n<p data-start=\"2978\" data-end=\"3078\">Si vous aimez le go\u00fbt du <strong data-start=\"3003\" data-end=\"3014\">caramel<\/strong>, versez une cuill\u00e8re \u00e0 soupe dans le fond de chaque ramequin.<\/p>\n<\/li>\n<li data-start=\"3079\" data-end=\"3171\">\n<p data-start=\"3082\" data-end=\"3171\"><strong data-start=\"3082\" data-end=\"3107\">Versez la pr\u00e9paration<\/strong> dans les ramequins \u00e0 l\u2019aide d\u2019une louche ou d\u2019un bec verseur.<\/p>\n<\/li>\n<li data-start=\"3172\" data-end=\"3287\">\n<p data-start=\"3175\" data-end=\"3287\">Ajoutez quelques <strong data-start=\"3192\" data-end=\"3216\">framboises surgel\u00e9es<\/strong> au centre : elles se d\u00e9lieront \u00e0 la cuisson et parfumeront la cr\u00e8me.<\/p>\n<\/li>\n<\/ol>\n<h3 data-start=\"3294\" data-end=\"3332\">3\ufe0f\u20e3 Cuisson dans la friteuse \u00e0 air<\/h3>\n<ol data-start=\"3334\" data-end=\"3707\">\n<li data-start=\"3334\" data-end=\"3420\">\n<p data-start=\"3337\" data-end=\"3420\">Disposez les ramequins dans la cuve de la friteuse \u00e0 air sans qu\u2019ils se touchent.<\/p>\n<\/li>\n<li data-start=\"3421\" data-end=\"3472\">\n<p data-start=\"3424\" data-end=\"3472\"><strong data-start=\"3424\" data-end=\"3444\">Premi\u00e8re cuisson<\/strong> : 6 minutes \u00e0 <strong data-start=\"3459\" data-end=\"3469\">160 \u00b0C<\/strong>.<\/p>\n<\/li>\n<li data-start=\"3473\" data-end=\"3568\">\n<p data-start=\"3476\" data-end=\"3568\"><strong data-start=\"3476\" data-end=\"3496\">Deuxi\u00e8me cuisson<\/strong> : augmentez \u00e0 <strong data-start=\"3511\" data-end=\"3521\">180 \u00b0C<\/strong> et poursuivez <strong data-start=\"3536\" data-end=\"3565\">6 minutes suppl\u00e9mentaires<\/strong>.<\/p>\n<\/li>\n<li data-start=\"3569\" data-end=\"3707\">\n<p data-start=\"3572\" data-end=\"3707\">\u00c0 la fin, la cr\u00e8me doit \u00eatre <strong data-start=\"3601\" data-end=\"3624\">prise sur les bords<\/strong> et l\u00e9g\u00e8rement tremblotante au centre : elle finira de se figer en refroidissant.<\/p>\n<\/li>\n<\/ol>\n<p data-start=\"3709\" data-end=\"3819\">\ud83d\udca1 Chaque friteuse \u00e0 air ayant ses sp\u00e9cificit\u00e9s, adaptez de \u00b1 1 minute selon la puissance de votre appareil.<\/p>\n<h3 data-start=\"3826\" data-end=\"3860\">4\ufe0f\u20e3 Refroidissement et service<\/h3>\n<ol data-start=\"3862\" data-end=\"4200\">\n<li data-start=\"3862\" data-end=\"3950\">\n<p data-start=\"3865\" data-end=\"3950\"><strong data-start=\"3865\" data-end=\"3886\">Laissez refroidir<\/strong> les cr\u00e8mes \u00e0 temp\u00e9rature ambiante pendant environ 30 minutes.<\/p>\n<\/li>\n<li data-start=\"3951\" data-end=\"4077\">\n<p data-start=\"3954\" data-end=\"4077\">Puis, <strong data-start=\"3960\" data-end=\"3991\">placez-les au r\u00e9frig\u00e9rateur<\/strong> au moins 2 heures avant d\u00e9gustation (ou toute une nuit pour un go\u00fbt plus prononc\u00e9).<\/p>\n<\/li>\n<li data-start=\"4078\" data-end=\"4200\">\n<p data-start=\"4081\" data-end=\"4200\">Servez-les bien fra\u00eeches, telles quelles ou avec un nuage de sucre glace, quelques fruits frais ou un filet de caramel.<\/p>\n<\/li>\n<\/ol>\n<h2 data-start=\"4207\" data-end=\"4233\">\ud83c\udf53 Variantes Gourmandes<\/h2>\n<ul data-start=\"4235\" data-end=\"4671\">\n<li data-start=\"4235\" data-end=\"4323\">\n<p data-start=\"4237\" data-end=\"4323\"><strong data-start=\"4237\" data-end=\"4262\">Version au chocolat :<\/strong> remplacez 100 ml de lait par 100 g de chocolat noir fondu.<\/p>\n<\/li>\n<li data-start=\"4324\" data-end=\"4411\">\n<p data-start=\"4326\" data-end=\"4411\"><strong data-start=\"4326\" data-end=\"4352\">Version coco-vanille :<\/strong> m\u00e9langez 250 ml de lait entier + 250 ml de lait de coco.<\/p>\n<\/li>\n<li data-start=\"4412\" data-end=\"4483\">\n<p data-start=\"4414\" data-end=\"4483\"><strong data-start=\"4414\" data-end=\"4435\">Version agrumes :<\/strong> ajoutez le zeste d\u2019un citron ou d\u2019une orange.<\/p>\n<\/li>\n<li data-start=\"4484\" data-end=\"4577\">\n<p data-start=\"4486\" data-end=\"4577\"><strong data-start=\"4486\" data-end=\"4504\">Version caf\u00e9 :<\/strong> faites infuser une cuill\u00e8re \u00e0 caf\u00e9 de caf\u00e9 soluble dans le lait chaud.<\/p>\n<\/li>\n<li data-start=\"4578\" data-end=\"4671\">\n<p data-start=\"4580\" data-end=\"4671\"><strong data-start=\"4580\" data-end=\"4612\">Version sans sucre raffin\u00e9 :<\/strong> utilisez du miel, du sirop d\u2019\u00e9rable ou du sucre de coco.<\/p>\n<\/li>\n<\/ul>\n<p data-start=\"4673\" data-end=\"4851\">Chaque d\u00e9clinaison r\u00e9v\u00e8le une personnalit\u00e9 diff\u00e9rente : le chocolat pour la gourmandise, la coco pour l\u2019exotisme, l\u2019agrume pour la fra\u00eecheur, et le caf\u00e9 pour une touche raffin\u00e9e.<\/p>\n<h2 data-start=\"4858\" data-end=\"4920\">\ud83e\udde0 Pourquoi cette recette fonctionne si bien en Air Fryer ?<\/h2>\n<h3 data-start=\"4922\" data-end=\"4961\">\ud83c\udf21\ufe0f Une chaleur circulante homog\u00e8ne<\/h3>\n<p data-start=\"4963\" data-end=\"5091\">L\u2019air chaud tourbillonnant reproduit l\u2019effet d\u2019un bain-marie sans l\u2019eau : la cuisson est douce, uniforme, sans choc thermique.<\/p>\n<h3 data-start=\"5093\" data-end=\"5116\">\u23f1\ufe0f Un gain de temps<\/h3>\n<p data-start=\"5118\" data-end=\"5261\">En 12 minutes de cuisson, les cr\u00e8mes sont pr\u00eates ! Pas besoin de pr\u00e9chauffer le four pendant 15 minutes ni de surveiller l\u2019eau du bain-marie.<\/p>\n<h3 data-start=\"5263\" data-end=\"5290\">\ud83d\udca7 Une texture parfaite<\/h3>\n<p data-start=\"5292\" data-end=\"5410\">La friteuse \u00e0 air conserve l\u2019humidit\u00e9 interne des cr\u00e8mes, emp\u00eachant la formation de bulles d\u2019air ou de cro\u00fbte s\u00e8che.<\/p>\n<h2 data-start=\"5417\" data-end=\"5437\">\ud83e\udd44 Astuces de Pro<\/h2>\n<ol data-start=\"5439\" data-end=\"5911\">\n<li data-start=\"5439\" data-end=\"5554\">\n<p data-start=\"5442\" data-end=\"5554\"><strong data-start=\"5442\" data-end=\"5468\">Filtrez la pr\u00e9paration<\/strong> avant de la verser dans les ramequins pour \u00e9liminer les \u00e9ventuels filaments d\u2019\u0153ufs.<\/p>\n<\/li>\n<li data-start=\"5555\" data-end=\"5654\">\n<p data-start=\"5558\" data-end=\"5654\"><strong data-start=\"5558\" data-end=\"5587\">Ne surchargez pas la cuve<\/strong> : mieux vaut cuire en deux fois que de superposer les ramequins.<\/p>\n<\/li>\n<li data-start=\"5655\" data-end=\"5760\">\n<p data-start=\"5658\" data-end=\"5760\"><strong data-start=\"5658\" data-end=\"5696\">Contr\u00f4lez la cuisson \u00e0 mi-parcours<\/strong> : si la cr\u00e8me gonfle trop, baissez l\u00e9g\u00e8rement la temp\u00e9rature.<\/p>\n<\/li>\n<li data-start=\"5761\" data-end=\"5830\">\n<p data-start=\"5764\" data-end=\"5830\"><strong data-start=\"5764\" data-end=\"5801\">Utilisez des ramequins identiques<\/strong> pour une cuisson uniforme.<\/p>\n<\/li>\n<li data-start=\"5831\" data-end=\"5911\">\n<p data-start=\"5834\" data-end=\"5911\"><strong data-start=\"5834\" data-end=\"5860\">Laissez bien refroidir<\/strong> avant de r\u00e9frig\u00e9rer pour \u00e9viter la condensation.<\/p>\n<\/li>\n<\/ol>\n<h2 data-start=\"5918\" data-end=\"5953\">\ud83d\udcdc Histoire de la cr\u00e8me aux \u0153ufs<\/h2>\n<p data-start=\"5955\" data-end=\"6387\">Ce dessert traditionnel fran\u00e7ais remonte au XVII\u1d49 si\u00e8cle : on la servait alors comme \u201ccr\u00e8me prise\u201d, parfum\u00e9e \u00e0 la fleur d\u2019oranger. Avec le temps, la vanille s\u2019est impos\u00e9e, notamment gr\u00e2ce \u00e0 la colonisation des Antilles, o\u00f9 cette \u00e9pice est devenue pr\u00e9cieuse et populaire.<br data-start=\"6225\" data-end=\"6228\" \/>Chaque r\u00e9gion en a cr\u00e9\u00e9 sa propre version : en Provence, elle est au citron ; en Bretagne, au caramel ; et dans le Nord, on la parfume parfois \u00e0 la chicor\u00e9e.<\/p>\n<p data-start=\"6389\" data-end=\"6523\">L\u2019Air Fryer en propose aujourd\u2019hui une <strong data-start=\"6428\" data-end=\"6456\">r\u00e9interpr\u00e9tation moderne<\/strong> : m\u00eame authenticit\u00e9, mais sans le c\u00f4t\u00e9 fastidieux du bain-marie.<\/p>\n<h2 data-start=\"6530\" data-end=\"6553\">\ud83e\udd67 Accords Gourmands<\/h2>\n<ul data-start=\"6555\" data-end=\"6840\">\n<li data-start=\"6555\" data-end=\"6649\">\n<p data-start=\"6557\" data-end=\"6649\">Servez avec un <strong data-start=\"6572\" data-end=\"6589\">biscuit sabl\u00e9<\/strong> ou un <strong data-start=\"6596\" data-end=\"6612\">palet breton<\/strong> pour une texture crousti-fondante.<\/p>\n<\/li>\n<li data-start=\"6650\" data-end=\"6749\">\n<p data-start=\"6652\" data-end=\"6749\">Ajoutez un <strong data-start=\"6663\" data-end=\"6690\">coulis de fruits rouges<\/strong> ou un <strong data-start=\"6697\" data-end=\"6720\">caramel beurre sal\u00e9<\/strong> pour rehausser la douceur.<\/p>\n<\/li>\n<li data-start=\"6750\" data-end=\"6840\">\n<p data-start=\"6752\" data-end=\"6840\">Accompagnez d\u2019un <strong data-start=\"6769\" data-end=\"6783\">caf\u00e9 serr\u00e9<\/strong> ou d\u2019un <strong data-start=\"6792\" data-end=\"6814\">th\u00e9 vanille-amande<\/strong> : le mariage est divin.<\/p>\n<\/li>\n<\/ul>\n<h2 data-start=\"6847\" data-end=\"6864\">\ud83d\udcac Petites FAQ<\/h2>\n<p data-start=\"6866\" data-end=\"6997\"><strong data-start=\"6866\" data-end=\"6907\">1\ufe0f\u20e3 Peut-on utiliser du lait \u00e9cr\u00e9m\u00e9 ?<\/strong><br data-start=\"6907\" data-end=\"6910\" \/>Oui, mais la texture sera moins cr\u00e9meuse : pr\u00e9f\u00e9rez le demi-\u00e9cr\u00e9m\u00e9 ou le lait entier.<\/p>\n<p data-start=\"6999\" data-end=\"7210\"><strong data-start=\"6999\" data-end=\"7035\">2\ufe0f\u20e3 Peut-on remplacer les \u0153ufs ?<\/strong><br data-start=\"7035\" data-end=\"7038\" \/>On peut tester avec des substituts v\u00e9g\u00e9taux (tofu soyeux, f\u00e9cule, lait de coco), mais le r\u00e9sultat sera diff\u00e9rent : les \u0153ufs apportent la liaison et la richesse gustative.<\/p>\n<p data-start=\"7212\" data-end=\"7310\"><strong data-start=\"7212\" data-end=\"7258\">3\ufe0f\u20e3 Combien de temps se conservent-elles ?<\/strong><br data-start=\"7258\" data-end=\"7261\" \/>Jusqu\u2019\u00e0 3 jours au r\u00e9frig\u00e9rateur, bien film\u00e9es.<\/p>\n<p data-start=\"7312\" data-end=\"7418\"><strong data-start=\"7312\" data-end=\"7342\">4\ufe0f\u20e3 Peut-on les congeler ?<\/strong><br data-start=\"7342\" data-end=\"7345\" \/>Non, car la texture perd sa finesse : mieux vaut les d\u00e9guster fra\u00eeches.<\/p>\n<p data-start=\"7420\" data-end=\"7583\"><strong data-start=\"7420\" data-end=\"7477\">5\ufe0f\u20e3 Faut-il mettre de l\u2019eau dans le fond de la cuve ?<\/strong><br data-start=\"7477\" data-end=\"7480\" \/>Non ! Contrairement au four, l\u2019Air Fryer n\u2019a pas besoin de bain-marie : la chaleur circulante suffit.<\/p>\n<h2 data-start=\"7590\" data-end=\"7606\">\ud83c\udf3c Conclusion<\/h2>\n<p data-start=\"7608\" data-end=\"7930\">La cr\u00e8me aux \u0153ufs \u00e0 la friteuse \u00e0 air incarne tout ce qu\u2019on aime dans la cuisine maison : la simplicit\u00e9, la douceur et la satisfaction d\u2019un dessert r\u00e9ussi sans effort.<br data-start=\"7775\" data-end=\"7778\" \/>Ce mariage entre tradition et modernit\u00e9 prouve qu\u2019avec un peu d\u2019audace et un Air Fryer, il est possible de revisiter les plus beaux classiques fran\u00e7ais.<\/p>\n<p data-start=\"7932\" data-end=\"8294\">Ce dessert n\u2019a rien \u00e0 envier aux cr\u00e8mes br\u00fbl\u00e9es ou aux flans p\u00e2tissiers : fondant \u00e0 c\u0153ur, l\u00e9g\u00e8rement dor\u00e9, d\u00e9licieusement vanill\u00e9, il conclut le repas sur une note r\u00e9confortante.<br data-start=\"8110\" data-end=\"8113\" \/>Servez-le avec quelques fruits rouges, une touche de caramel, ou simplement nature : chaque cuiller\u00e9e vous rappellera que les plaisirs les plus simples sont souvent les meilleurs.<\/p>\n<p data-start=\"8296\" data-end=\"8414\">Alors, \u00e0 vos ramequins ! \ud83c\udf38<br data-start=\"8323\" data-end=\"8326\" \/>Faites tourner l\u2019Air Fryer, et savourez cette <strong data-start=\"8372\" data-end=\"8391\">tuerie vanill\u00e9e<\/strong> aussi belle que bonne.<\/p>\n","protected":false},"excerpt":{"rendered":"<p>\ud83e\udd5a Cr\u00e8mes aux \u0152ufs \u00e0 la Friteuse \u00e0 Air : Douceur Vanill\u00e9e et Fondante \ud83c\udf38 Introduction La cr\u00e8me aux \u0153ufs est un grand classique des desserts fran\u00e7ais, un symbole de &#8230; <\/p>\n<p class=\"read-more-container\"><a title=\"Recette de Cr\u00e8mes aux \u0152ufs \u00e0 la Friteuse \u00e0 Air\" class=\"read-more button\" href=\"https:\/\/airfryerchickenwings.com\/fr\/recette-de-cremes-aux-oeufs-a-la-friteuse-a-air\/#more-365\" aria-label=\"En savoir plus sur Recette de Cr\u00e8mes aux \u0152ufs \u00e0 la Friteuse \u00e0 Air\">Read more<\/a><\/p>\n","protected":false},"author":1,"featured_media":366,"comment_status":"open","ping_status":"open","sticky":false,"template":"","format":"standard","meta":{"footnotes":""},"categories":[4],"tags":[],"class_list":["post-365","post","type-post","status-publish","format-standard","has-post-thumbnail","hentry","category-friteuse-a-air","generate-columns","tablet-grid-50","mobile-grid-100","grid-parent","grid-50","no-featured-image-padding"],"_links":{"self":[{"href":"https:\/\/airfryerchickenwings.com\/fr\/wp-json\/wp\/v2\/posts\/365","targetHints":{"allow":["GET"]}}],"collection":[{"href":"https:\/\/airfryerchickenwings.com\/fr\/wp-json\/wp\/v2\/posts"}],"about":[{"href":"https:\/\/airfryerchickenwings.com\/fr\/wp-json\/wp\/v2\/types\/post"}],"author":[{"embeddable":true,"href":"https:\/\/airfryerchickenwings.com\/fr\/wp-json\/wp\/v2\/users\/1"}],"replies":[{"embeddable":true,"href":"https:\/\/airfryerchickenwings.com\/fr\/wp-json\/wp\/v2\/comments?post=365"}],"version-history":[{"count":1,"href":"https:\/\/airfryerchickenwings.com\/fr\/wp-json\/wp\/v2\/posts\/365\/revisions"}],"predecessor-version":[{"id":367,"href":"https:\/\/airfryerchickenwings.com\/fr\/wp-json\/wp\/v2\/posts\/365\/revisions\/367"}],"wp:featuredmedia":[{"embeddable":true,"href":"https:\/\/airfryerchickenwings.com\/fr\/wp-json\/wp\/v2\/media\/366"}],"wp:attachment":[{"href":"https:\/\/airfryerchickenwings.com\/fr\/wp-json\/wp\/v2\/media?parent=365"}],"wp:term":[{"taxonomy":"category","embeddable":true,"href":"https:\/\/airfryerchickenwings.com\/fr\/wp-json\/wp\/v2\/categories?post=365"},{"taxonomy":"post_tag","embeddable":true,"href":"https:\/\/airfryerchickenwings.com\/fr\/wp-json\/wp\/v2\/tags?post=365"}],"curies":[{"name":"wp","href":"https:\/\/api.w.org\/{rel}","templated":true}]}}