{"id":393,"date":"2026-01-22T14:14:11","date_gmt":"2026-01-22T14:14:11","guid":{"rendered":"https:\/\/airfryerchickenwings.com\/fr\/?p=393"},"modified":"2026-01-22T14:14:11","modified_gmt":"2026-01-22T14:14:11","slug":"tarte-aux-pommes-avec-tranches-caramelisees-sur-le-dessus","status":"publish","type":"post","link":"https:\/\/airfryerchickenwings.com\/fr\/tarte-aux-pommes-avec-tranches-caramelisees-sur-le-dessus\/","title":{"rendered":"Tarte aux pommes avec tranches caram\u00e9lis\u00e9es sur le dessus"},"content":{"rendered":"<h2 data-start=\"128\" data-end=\"194\">\ud83c\udf4e\u2728 Tarte aux pommes avec tranches caram\u00e9lis\u00e9es sur le dessus<\/h2>\n<p data-start=\"195\" data-end=\"232\"><em data-start=\"195\" data-end=\"232\">(Cuisson \u00e0 la friteuse \u00e0 air chaud)<\/em><\/p>\n<h3 data-start=\"234\" data-end=\"259\"><strong>Introduction<\/strong><\/h3>\n<p data-start=\"260\" data-end=\"565\">La tarte aux pommes est un grand classique ind\u00e9modable, mais cuite \u00e0 la friteuse \u00e0 air chaud, elle devient encore plus rapide, l\u00e9g\u00e8re et pratique. Avec ses tranches de pommes finement caram\u00e9lis\u00e9es, cette version offre un dessert \u00e9l\u00e9gant, parfum\u00e9 et croustillant, id\u00e9al m\u00eame sans four traditionnel.<\/p>\n<h2 data-start=\"572\" data-end=\"589\">\ud83e\uddfa <strong>Ingr\u00e9dients<\/strong><\/h2>\n<h3 data-start=\"591\" data-end=\"607\">Pour la base<\/h3>\n<ul data-start=\"608\" data-end=\"741\">\n<li data-start=\"608\" data-end=\"675\">\n<p data-start=\"610\" data-end=\"675\">1 p\u00e2te bris\u00e9e ou p\u00e2te feuillet\u00e9e (adapt\u00e9e \u00e0 la taille de la cuve)<\/p>\n<\/li>\n<li data-start=\"676\" data-end=\"718\">\n<p data-start=\"678\" data-end=\"718\">2 \u00e0 3 pommes (Golden, Gala ou Pink Lady)<\/p>\n<\/li>\n<li data-start=\"719\" data-end=\"741\">\n<p data-start=\"721\" data-end=\"741\">Jus d\u2019un demi-citron<\/p>\n<\/li>\n<\/ul>\n<h3 data-start=\"743\" data-end=\"776\">Pour la garniture caram\u00e9lis\u00e9e<\/h3>\n<ul data-start=\"777\" data-end=\"960\">\n<li data-start=\"777\" data-end=\"828\">\n<p data-start=\"779\" data-end=\"828\">2 cuill\u00e8res \u00e0 soupe de sucre (blanc ou cassonade)<\/p>\n<\/li>\n<li data-start=\"829\" data-end=\"865\">\n<p data-start=\"831\" data-end=\"865\">1 cuill\u00e8re \u00e0 soupe de beurre fondu<\/p>\n<\/li>\n<li data-start=\"866\" data-end=\"909\">\n<p data-start=\"868\" data-end=\"909\">1 cuill\u00e8re \u00e0 caf\u00e9 de cannelle (optionnel)<\/p>\n<\/li>\n<li data-start=\"910\" data-end=\"960\">\n<p data-start=\"912\" data-end=\"960\">1 cuill\u00e8re \u00e0 caf\u00e9 de vanille liquide (optionnel)<\/p>\n<\/li>\n<\/ul>\n<h3 data-start=\"962\" data-end=\"975\">Optionnel<\/h3>\n<ul data-start=\"976\" data-end=\"1082\">\n<li data-start=\"976\" data-end=\"1049\">\n<p data-start=\"978\" data-end=\"1049\">1 cuill\u00e8re \u00e0 soupe de confiture d\u2019abricot ou de miel (pour le brillant)<\/p>\n<\/li>\n<li data-start=\"1050\" data-end=\"1082\">\n<p data-start=\"1052\" data-end=\"1082\">Sucre glace pour la d\u00e9coration<\/p>\n<\/li>\n<\/ul>\n<h2 data-start=\"1089\" data-end=\"1171\">\ud83d\udc69\u200d\ud83c\udf73<strong>Pr\u00e9paration \u00e9tape par \u00e9tape<\/strong>\u2728\ud83c\udf4e<\/h2>\n<ol data-start=\"1173\" data-end=\"2036\">\n<li data-start=\"1173\" data-end=\"1352\">\n<p data-start=\"1176\" data-end=\"1352\"><strong data-start=\"1176\" data-end=\"1199\">Pr\u00e9parer les pommes<\/strong><br data-start=\"1199\" data-end=\"1202\" \/>\u00c9pluchez les pommes, retirez le c\u0153ur puis coupez-les en fines tranches r\u00e9guli\u00e8res. Arrosez-les l\u00e9g\u00e8rement de jus de citron pour \u00e9viter l\u2019oxydation.<\/p>\n<\/li>\n<li data-start=\"1354\" data-end=\"1493\">\n<p data-start=\"1357\" data-end=\"1493\"><strong data-start=\"1357\" data-end=\"1377\">Pr\u00e9parer la p\u00e2te<\/strong><br data-start=\"1377\" data-end=\"1380\" \/>D\u00e9coupez la p\u00e2te selon la taille du moule compatible avec votre air fryer. Piquez le fond avec une fourchette.<\/p>\n<\/li>\n<li data-start=\"1495\" data-end=\"1601\">\n<p data-start=\"1498\" data-end=\"1601\"><strong data-start=\"1498\" data-end=\"1520\">Assembler la tarte<\/strong><br data-start=\"1520\" data-end=\"1523\" \/>Disposez les tranches de pommes en rosace ou en lignes serr\u00e9es sur la p\u00e2te.<\/p>\n<\/li>\n<li data-start=\"1603\" data-end=\"1726\">\n<p data-start=\"1606\" data-end=\"1726\"><strong data-start=\"1606\" data-end=\"1621\">Caram\u00e9liser<\/strong><br data-start=\"1621\" data-end=\"1624\" \/>M\u00e9langez le sucre, le beurre fondu, la cannelle et la vanille. Badigeonnez d\u00e9licatement les pommes.<\/p>\n<\/li>\n<li data-start=\"1728\" data-end=\"1908\">\n<p data-start=\"1731\" data-end=\"1908\"><strong data-start=\"1731\" data-end=\"1756\">Cuisson \u00e0 l\u2019air fryer<\/strong><br data-start=\"1756\" data-end=\"1759\" \/>Placez la tarte dans la cuve. Faites cuire \u00e0 <strong data-start=\"1807\" data-end=\"1840\">170\u00b0C pendant 18 \u00e0 22 minutes<\/strong>, jusqu\u2019\u00e0 ce que la p\u00e2te soit dor\u00e9e et les pommes bien caram\u00e9lis\u00e9es.<\/p>\n<\/li>\n<li data-start=\"1910\" data-end=\"2036\">\n<p data-start=\"1913\" data-end=\"2036\"><strong data-start=\"1913\" data-end=\"1925\">Finition<\/strong><br data-start=\"1925\" data-end=\"1928\" \/>Badigeonnez l\u00e9g\u00e8rement de confiture chauff\u00e9e pour un effet brillant, puis laissez ti\u00e9dir avant de servir.<\/p>\n<\/li>\n<\/ol>\n<h2 data-start=\"2043\" data-end=\"2057\">\u2139\ufe0f \u00c0 savoir<\/h2>\n<ul data-start=\"2058\" data-end=\"2288\">\n<li data-start=\"2058\" data-end=\"2161\">\n<p data-start=\"2060\" data-end=\"2161\">Chaque friteuse \u00e0 air chaud est diff\u00e9rente : surveillez la cuisson lors de la premi\u00e8re utilisation.<\/p>\n<\/li>\n<li data-start=\"2162\" data-end=\"2229\">\n<p data-start=\"2164\" data-end=\"2229\">Utilisez un moule en silicone ou en m\u00e9tal compatible air fryer.<\/p>\n<\/li>\n<li data-start=\"2230\" data-end=\"2288\">\n<p data-start=\"2232\" data-end=\"2288\">Les pommes doivent \u00eatre fines pour une cuisson uniforme.<\/p>\n<\/li>\n<\/ul>\n<h2 data-start=\"2295\" data-end=\"2325\">\ud83c\udf6f Variations de garnitures<\/h2>\n<ul data-start=\"2326\" data-end=\"2594\">\n<li data-start=\"2326\" data-end=\"2395\">\n<p data-start=\"2328\" data-end=\"2395\"><strong data-start=\"2328\" data-end=\"2348\">Pommes &amp; amandes<\/strong> : ajoutez des amandes effil\u00e9es sur le dessus<\/p>\n<\/li>\n<li data-start=\"2396\" data-end=\"2471\">\n<p data-start=\"2398\" data-end=\"2471\"><strong data-start=\"2398\" data-end=\"2418\">Pommes &amp; caramel<\/strong> : remplacez le sucre par un filet de sauce caramel<\/p>\n<\/li>\n<li data-start=\"2472\" data-end=\"2539\">\n<p data-start=\"2474\" data-end=\"2539\"><strong data-start=\"2474\" data-end=\"2493\">Pommes &amp; poires<\/strong> : m\u00e9langez deux fruits pour plus de douceur<\/p>\n<\/li>\n<li data-start=\"2540\" data-end=\"2594\">\n<p data-start=\"2542\" data-end=\"2594\"><strong data-start=\"2542\" data-end=\"2567\">Pommes &amp; raisins secs<\/strong> : pour une touche rustique<\/p>\n<\/li>\n<\/ul>\n<h2 data-start=\"2601\" data-end=\"2634\">\ud83c\udf7d\ufe0f Transformez-le en un repas<\/h2>\n<ul data-start=\"2635\" data-end=\"2865\">\n<li data-start=\"2635\" data-end=\"2712\">\n<p data-start=\"2637\" data-end=\"2712\">Servez avec un <strong data-start=\"2652\" data-end=\"2684\">yaourt grec ou fromage blanc<\/strong> pour un dessert \u00e9quilibr\u00e9<\/p>\n<\/li>\n<li data-start=\"2713\" data-end=\"2788\">\n<p data-start=\"2715\" data-end=\"2788\">Ajoutez une <strong data-start=\"2727\" data-end=\"2753\">boule de glace vanille<\/strong> pour une version ultra-gourmande<\/p>\n<\/li>\n<li data-start=\"2789\" data-end=\"2865\">\n<p data-start=\"2791\" data-end=\"2865\">Accompagnez d\u2019un <strong data-start=\"2808\" data-end=\"2842\">th\u00e9 \u00e0 la cannelle ou d\u2019un caf\u00e9<\/strong> pour un go\u00fbter parfait<\/p>\n<\/li>\n<\/ul>\n<h2 data-start=\"2872\" data-end=\"2896\">\ud83d\udc68\u200d\ud83c\udf73 Conseils de pro<\/h2>\n<ul data-start=\"2897\" data-end=\"3185\">\n<li data-start=\"2897\" data-end=\"2972\">\n<p data-start=\"2899\" data-end=\"2972\">Pr\u00e9cuisez la p\u00e2te 5 minutes seule pour un fond encore plus croustillant<\/p>\n<\/li>\n<li data-start=\"2973\" data-end=\"3041\">\n<p data-start=\"2975\" data-end=\"3041\">Utilisez du sucre cassonade pour une caram\u00e9lisation plus intense<\/p>\n<\/li>\n<li data-start=\"3042\" data-end=\"3113\">\n<p data-start=\"3044\" data-end=\"3113\">Disposez les pommes bien serr\u00e9es : elles se r\u00e9tractent \u00e0 la cuisson<\/p>\n<\/li>\n<li data-start=\"3114\" data-end=\"3185\">\n<p data-start=\"3116\" data-end=\"3185\">Laissez reposer 10 minutes avant de d\u00e9couper pour une meilleure tenue<\/p>\n<\/li>\n<\/ul>\n<h2 data-start=\"3192\" data-end=\"3217\">\u00a0FAQ sur les recettes<\/h2>\n<p data-start=\"3219\" data-end=\"3322\"><strong data-start=\"3219\" data-end=\"3257\">Puis-je utiliser une p\u00e2te maison ?<\/strong><br data-start=\"3257\" data-end=\"3260\" \/>Oui, une p\u00e2te bris\u00e9e maison fonctionne tr\u00e8s bien en air fryer.<\/p>\n<p data-start=\"3324\" data-end=\"3442\"><strong data-start=\"3324\" data-end=\"3369\">Peut-on faire cette recette sans beurre ?<\/strong><br data-start=\"3369\" data-end=\"3372\" \/>Oui, remplacez le beurre par un peu d\u2019huile de coco ou d\u2019huile neutre.<\/p>\n<p data-start=\"3444\" data-end=\"3538\"><strong data-start=\"3444\" data-end=\"3476\">Comment conserver la tarte ?<\/strong><br data-start=\"3476\" data-end=\"3479\" \/>Elle se conserve 24 heures au r\u00e9frig\u00e9rateur, bien couverte.<\/p>\n<p data-start=\"3540\" data-end=\"3636\"><strong data-start=\"3540\" data-end=\"3567\">Puis-je la r\u00e9chauffer ?<\/strong><br data-start=\"3567\" data-end=\"3570\" \/>Oui, 3 \u00e0 4 minutes \u00e0 160\u00b0C dans la friteuse \u00e0 air chaud suffisent.<\/p>\n","protected":false},"excerpt":{"rendered":"<p>\ud83c\udf4e\u2728 Tarte aux pommes avec tranches caram\u00e9lis\u00e9es sur le dessus (Cuisson \u00e0 la friteuse \u00e0 air chaud) Introduction La tarte aux pommes est un grand classique ind\u00e9modable, mais cuite \u00e0 &#8230; <\/p>\n<p class=\"read-more-container\"><a title=\"Tarte aux pommes avec tranches caram\u00e9lis\u00e9es sur le dessus\" class=\"read-more button\" href=\"https:\/\/airfryerchickenwings.com\/fr\/tarte-aux-pommes-avec-tranches-caramelisees-sur-le-dessus\/#more-393\" aria-label=\"En savoir plus sur Tarte aux pommes avec tranches caram\u00e9lis\u00e9es sur le dessus\">Read more<\/a><\/p>\n","protected":false},"author":1,"featured_media":394,"comment_status":"open","ping_status":"open","sticky":false,"template":"","format":"standard","meta":{"footnotes":""},"categories":[4],"tags":[],"class_list":["post-393","post","type-post","status-publish","format-standard","has-post-thumbnail","hentry","category-friteuse-a-air","generate-columns","tablet-grid-50","mobile-grid-100","grid-parent","grid-50","no-featured-image-padding"],"_links":{"self":[{"href":"https:\/\/airfryerchickenwings.com\/fr\/wp-json\/wp\/v2\/posts\/393","targetHints":{"allow":["GET"]}}],"collection":[{"href":"https:\/\/airfryerchickenwings.com\/fr\/wp-json\/wp\/v2\/posts"}],"about":[{"href":"https:\/\/airfryerchickenwings.com\/fr\/wp-json\/wp\/v2\/types\/post"}],"author":[{"embeddable":true,"href":"https:\/\/airfryerchickenwings.com\/fr\/wp-json\/wp\/v2\/users\/1"}],"replies":[{"embeddable":true,"href":"https:\/\/airfryerchickenwings.com\/fr\/wp-json\/wp\/v2\/comments?post=393"}],"version-history":[{"count":1,"href":"https:\/\/airfryerchickenwings.com\/fr\/wp-json\/wp\/v2\/posts\/393\/revisions"}],"predecessor-version":[{"id":395,"href":"https:\/\/airfryerchickenwings.com\/fr\/wp-json\/wp\/v2\/posts\/393\/revisions\/395"}],"wp:featuredmedia":[{"embeddable":true,"href":"https:\/\/airfryerchickenwings.com\/fr\/wp-json\/wp\/v2\/media\/394"}],"wp:attachment":[{"href":"https:\/\/airfryerchickenwings.com\/fr\/wp-json\/wp\/v2\/media?parent=393"}],"wp:term":[{"taxonomy":"category","embeddable":true,"href":"https:\/\/airfryerchickenwings.com\/fr\/wp-json\/wp\/v2\/categories?post=393"},{"taxonomy":"post_tag","embeddable":true,"href":"https:\/\/airfryerchickenwings.com\/fr\/wp-json\/wp\/v2\/tags?post=393"}],"curies":[{"name":"wp","href":"https:\/\/api.w.org\/{rel}","templated":true}]}}