{"id":53,"date":"2025-05-23T16:21:28","date_gmt":"2025-05-23T16:21:28","guid":{"rendered":"https:\/\/airfryerchickenwings.com\/fr\/?p=53"},"modified":"2025-05-23T16:21:28","modified_gmt":"2025-05-23T16:21:28","slug":"tarte-aux-pommes-et-tranches-caramelisees-a-lair-fryer","status":"publish","type":"post","link":"https:\/\/airfryerchickenwings.com\/fr\/tarte-aux-pommes-et-tranches-caramelisees-a-lair-fryer\/","title":{"rendered":"Tarte aux pommes et tranches caram\u00e9lis\u00e9es \u00e0 l\u2019air fryer"},"content":{"rendered":"<h2 data-start=\"275\" data-end=\"365\"><strong data-start=\"277\" data-end=\"365\">Tarte aux pommes et ses tranches caram\u00e9lis\u00e9es \u00e0 l\u2019Air Fryer : Un Classique R\u00e9invent\u00e9<\/strong><\/h2>\n<h3 data-start=\"367\" data-end=\"440\"><strong data-start=\"370\" data-end=\"440\">Introduction : Le dessert familial par excellence, version moderne<\/strong><\/h3>\n<p data-start=\"442\" data-end=\"833\">La tarte aux pommes, c\u2019est bien plus qu\u2019un simple dessert. C\u2019est un symbole de partage, de tradition et de r\u00e9confort. Servie ti\u00e8de avec une boule de glace, froide avec un nuage de chantilly, ou simplement nature, elle \u00e9voque la cuisine de nos grands-m\u00e8res, les dimanches en famille et les go\u00fbters d\u2019enfance. Elle traverse les g\u00e9n\u00e9rations et les cultures, et chaque foyer a sa propre version.<\/p>\n<p data-start=\"835\" data-end=\"1239\">Mais aujourd\u2019hui, cette recette classique se modernise gr\u00e2ce \u00e0 un appareil devenu incontournable : la <strong data-start=\"937\" data-end=\"955\">friteuse \u00e0 air<\/strong>, ou <em data-start=\"960\" data-end=\"971\">air fryer<\/em>. Con\u00e7ue \u00e0 l\u2019origine pour frire sans huile, la friteuse \u00e0 air est rapidement devenue un <strong data-start=\"1059\" data-end=\"1091\">four miniature multifonction<\/strong>. Elle permet de cuire une grande vari\u00e9t\u00e9 de plats, sucr\u00e9s comme sal\u00e9s, plus rapidement qu\u2019un four traditionnel, tout en consommant moins d\u2019\u00e9nergie.<\/p>\n<p data-start=\"1241\" data-end=\"1455\">Pr\u00e9parer une <strong data-start=\"1254\" data-end=\"1291\">tarte aux pommes dans l\u2019air fryer<\/strong>, c\u2019est allier la tradition et la modernit\u00e9. Et en y ajoutant des <strong data-start=\"1357\" data-end=\"1392\">tranches de pommes caram\u00e9lis\u00e9es<\/strong>, on \u00e9l\u00e8ve cette recette \u00e0 un tout autre niveau de gourmandise.<\/p>\n<p data-start=\"1457\" data-end=\"1496\">Dans cet article, nous vous proposons :<\/p>\n<ul data-start=\"1497\" data-end=\"1786\">\n<li data-start=\"1497\" data-end=\"1613\">\n<p data-start=\"1499\" data-end=\"1613\">Une <strong data-start=\"1503\" data-end=\"1558\">recette d\u00e9taill\u00e9e de tarte aux pommes \u00e0 l\u2019air fryer<\/strong>, avec une p\u00e2te croustillante et une garniture fondante<\/p>\n<\/li>\n<li data-start=\"1614\" data-end=\"1657\">\n<p data-start=\"1616\" data-end=\"1657\">Des <strong data-start=\"1620\" data-end=\"1657\">astuces pour une cuisson optimale<\/strong><\/p>\n<\/li>\n<li data-start=\"1658\" data-end=\"1701\">\n<p data-start=\"1660\" data-end=\"1701\">Des <strong data-start=\"1664\" data-end=\"1701\">variantes gourmandes et cr\u00e9atives<\/strong><\/p>\n<\/li>\n<li data-start=\"1702\" data-end=\"1786\">\n<p data-start=\"1704\" data-end=\"1786\">Et une <strong data-start=\"1711\" data-end=\"1725\">conclusion<\/strong> sur la magie de revisiter les classiques gr\u00e2ce \u00e0 l\u2019air fryer<\/p>\n<\/li>\n<\/ul>\n<h3 data-start=\"1793\" data-end=\"1874\"><strong data-start=\"1796\" data-end=\"1874\">Recette compl\u00e8te : Tarte aux pommes et tranches caram\u00e9lis\u00e9es \u00e0 l\u2019air fryer<\/strong><\/h3>\n<h4 data-start=\"1876\" data-end=\"1924\"><strong data-start=\"1880\" data-end=\"1924\">Ingr\u00e9dients (pour une tarte de 18-20 cm)<\/strong><\/h4>\n<h4 data-start=\"1926\" data-end=\"1976\">Pour la p\u00e2te bris\u00e9e (maison ou du commerce) :<\/h4>\n<ul data-start=\"1977\" data-end=\"2118\">\n<li data-start=\"1977\" data-end=\"1994\">\n<p data-start=\"1979\" data-end=\"1994\">200 g de farine<\/p>\n<\/li>\n<li data-start=\"1995\" data-end=\"2031\">\n<p data-start=\"1997\" data-end=\"2031\">100 g de beurre froid coup\u00e9 en d\u00e9s<\/p>\n<\/li>\n<li data-start=\"2032\" data-end=\"2049\">\n<p data-start=\"2034\" data-end=\"2049\">1 pinc\u00e9e de sel<\/p>\n<\/li>\n<li data-start=\"2050\" data-end=\"2079\">\n<p data-start=\"2052\" data-end=\"2079\">1 cuill\u00e8re \u00e0 soupe de sucre<\/p>\n<\/li>\n<li data-start=\"2080\" data-end=\"2118\">\n<p data-start=\"2082\" data-end=\"2118\">3 \u00e0 4 cuill\u00e8res \u00e0 soupe d\u2019eau froide<\/p>\n<\/li>\n<\/ul>\n<p data-start=\"2120\" data-end=\"2224\">\ud83d\udcdd <em data-start=\"2123\" data-end=\"2224\">Vous pouvez aussi utiliser une p\u00e2te bris\u00e9e ou feuillet\u00e9e pr\u00eate \u00e0 d\u00e9rouler si vous manquez de temps.<\/em><\/p>\n<h4 data-start=\"2226\" data-end=\"2250\">Pour la garniture :<\/h4>\n<ul data-start=\"2251\" data-end=\"2439\">\n<li data-start=\"2251\" data-end=\"2313\">\n<p data-start=\"2253\" data-end=\"2313\">3 \u00e0 4 pommes (Reinettes, Golden, Pink Lady, ou Granny Smith)<\/p>\n<\/li>\n<li data-start=\"2314\" data-end=\"2330\">\n<p data-start=\"2316\" data-end=\"2330\">30 g de beurre<\/p>\n<\/li>\n<li data-start=\"2331\" data-end=\"2368\">\n<p data-start=\"2333\" data-end=\"2368\">40 g de sucre de canne ou cassonade<\/p>\n<\/li>\n<li data-start=\"2369\" data-end=\"2413\">\n<p data-start=\"2371\" data-end=\"2413\">1 cuill\u00e8re \u00e0 caf\u00e9 de cannelle (facultatif)<\/p>\n<\/li>\n<li data-start=\"2414\" data-end=\"2439\">\n<p data-start=\"2416\" data-end=\"2439\">Le jus d\u2019un demi-citron<\/p>\n<\/li>\n<\/ul>\n<h4 data-start=\"2441\" data-end=\"2463\">Pour le nappage :<\/h4>\n<ul data-start=\"2464\" data-end=\"2555\">\n<li data-start=\"2464\" data-end=\"2529\">\n<p data-start=\"2466\" data-end=\"2529\">1 cuill\u00e8re \u00e0 soupe de confiture d\u2019abricot ou de gel\u00e9e de pommes<\/p>\n<\/li>\n<li data-start=\"2530\" data-end=\"2555\">\n<p data-start=\"2532\" data-end=\"2555\">1 cuill\u00e8re \u00e0 caf\u00e9 d\u2019eau<\/p>\n<\/li>\n<\/ul>\n<h4 data-start=\"2562\" data-end=\"2591\"><strong data-start=\"2566\" data-end=\"2591\">Mat\u00e9riel n\u00e9cessaire :<\/strong><\/h4>\n<ul data-start=\"2592\" data-end=\"2762\">\n<li data-start=\"2592\" data-end=\"2603\">\n<p data-start=\"2594\" data-end=\"2603\">Air fryer<\/p>\n<\/li>\n<li data-start=\"2604\" data-end=\"2664\">\n<p data-start=\"2606\" data-end=\"2664\">Moule rond de 18 \u00e0 20 cm compatible avec la friteuse \u00e0 air<\/p>\n<\/li>\n<li data-start=\"2665\" data-end=\"2694\">\n<p data-start=\"2667\" data-end=\"2694\">Papier cuisson (facultatif)<\/p>\n<\/li>\n<li data-start=\"2695\" data-end=\"2730\">\n<p data-start=\"2697\" data-end=\"2730\">Po\u00eale pour caram\u00e9liser les pommes<\/p>\n<\/li>\n<li data-start=\"2731\" data-end=\"2762\">\n<p data-start=\"2733\" data-end=\"2762\">Spatule et pinceau de cuisine<\/p>\n<\/li>\n<\/ul>\n<h3 data-start=\"2769\" data-end=\"2797\"><strong data-start=\"2773\" data-end=\"2797\">\u00c9tapes de la recette<\/strong><\/h3>\n<h4 data-start=\"2799\" data-end=\"2851\"><strong data-start=\"2804\" data-end=\"2851\">1. Pr\u00e9paration de la p\u00e2te (si faite maison)<\/strong><\/h4>\n<p data-start=\"2852\" data-end=\"3022\">Dans un saladier, m\u00e9langez la farine, le sel et le sucre. Ajoutez le beurre froid coup\u00e9 en d\u00e9s et sablez du bout des doigts jusqu\u2019\u00e0 obtenir une texture de sable grossier.<\/p>\n<p data-start=\"3024\" data-end=\"3197\">Ajoutez l\u2019eau froide cuill\u00e8re par cuill\u00e8re jusqu\u2019\u00e0 ce que la p\u00e2te se tienne. Formez une boule, enveloppez-la dans du film plastique et placez-la au frais pendant 30 minutes.<\/p>\n<h4 data-start=\"3199\" data-end=\"3250\"><strong data-start=\"3204\" data-end=\"3250\">2. Pr\u00e9-cuisson de la p\u00e2te dans l\u2019air fryer<\/strong><\/h4>\n<p data-start=\"3251\" data-end=\"3522\">\u00c9talez la p\u00e2te sur une feuille de papier cuisson et foncez le moule. Piquez le fond \u00e0 la fourchette.<br data-start=\"3351\" data-end=\"3354\" \/>Pr\u00e9chauffez l\u2019air fryer \u00e0 <strong data-start=\"3380\" data-end=\"3407\">160\u00b0C pendant 3 minutes<\/strong>, puis faites <strong data-start=\"3421\" data-end=\"3459\">pr\u00e9cuire la p\u00e2te pendant 8 minutes<\/strong> \u00e0 <strong data-start=\"3462\" data-end=\"3471\">160\u00b0C<\/strong>. Cela \u00e9vite qu\u2019elle soit d\u00e9tremp\u00e9e par les pommes.<\/p>\n<p data-start=\"3524\" data-end=\"3578\">Laissez ti\u00e9dir pendant que vous pr\u00e9parez la garniture.<\/p>\n<h4 data-start=\"3580\" data-end=\"3627\"><strong data-start=\"3585\" data-end=\"3627\">3. Pr\u00e9paration des pommes caram\u00e9lis\u00e9es<\/strong><\/h4>\n<p data-start=\"3628\" data-end=\"3761\">\u00c9pluchez et \u00e9videz les pommes. Coupez-en 2 en <strong data-start=\"3674\" data-end=\"3690\">petits cubes<\/strong> (pour la base) et les autres en <strong data-start=\"3723\" data-end=\"3741\">tranches fines<\/strong> pour la d\u00e9coration.<\/p>\n<p data-start=\"3763\" data-end=\"3977\">Dans une po\u00eale, faites fondre le beurre. Ajoutez le sucre, puis les cubes de pommes, la cannelle et le jus de citron. Laissez caram\u00e9liser pendant 5 \u00e0 7 minutes jusqu\u2019\u00e0 ce que les morceaux soient tendres et enrob\u00e9s.<\/p>\n<p data-start=\"3979\" data-end=\"4085\">Retirez les cubes et faites revenir rapidement les tranches pour les caram\u00e9liser l\u00e9g\u00e8rement (2-3 minutes).<\/p>\n<h4 data-start=\"4087\" data-end=\"4118\"><strong data-start=\"4092\" data-end=\"4118\">4. Montage de la tarte<\/strong><\/h4>\n<p data-start=\"4119\" data-end=\"4239\">Versez les <strong data-start=\"4130\" data-end=\"4151\">cubes caram\u00e9lis\u00e9s<\/strong> sur le fond de tarte pr\u00e9cuit. Disposez les <strong data-start=\"4195\" data-end=\"4217\">tranches de pommes<\/strong> en rosace par-dessus.<\/p>\n<p data-start=\"4241\" data-end=\"4306\">Ajoutez un filet du jus de cuisson restant pour plus de moelleux.<\/p>\n<h4 data-start=\"4308\" data-end=\"4344\"><strong data-start=\"4313\" data-end=\"4344\">5. Cuisson dans l\u2019air fryer<\/strong><\/h4>\n<p data-start=\"4345\" data-end=\"4467\">Placez le moule dans le panier.<br data-start=\"4376\" data-end=\"4379\" \/>Faites cuire \u00e0 <strong data-start=\"4394\" data-end=\"4427\">160\u00b0C pendant 18 \u00e0 22 minutes<\/strong>, selon la puissance de votre air fryer.<\/p>\n<p data-start=\"4469\" data-end=\"4541\">Surveillez la cuisson : la p\u00e2te doit \u00eatre dor\u00e9e et les pommes fondantes.<\/p>\n<h4 data-start=\"4543\" data-end=\"4574\"><strong data-start=\"4548\" data-end=\"4574\">6. Nappage et finition<\/strong><\/h4>\n<p data-start=\"4575\" data-end=\"4713\">Faites chauffer la confiture avec l\u2019eau. Badigeonnez la tarte \u00e0 l\u2019aide d\u2019un pinceau pour lui donner un bel aspect brillant et app\u00e9tissant.<\/p>\n<p data-start=\"4715\" data-end=\"4748\">Laissez ti\u00e9dir avant de d\u00e9guster.<\/p>\n<h3 data-start=\"4755\" data-end=\"4819\"><strong data-start=\"4758\" data-end=\"4819\">Astuces pour r\u00e9ussir votre tarte aux pommes \u00e0 l\u2019air fryer<\/strong><\/h3>\n<h3 data-start=\"4821\" data-end=\"4863\">\u2705 Pr\u00e9chauffez toujours votre air fryer<\/h3>\n<p data-start=\"4864\" data-end=\"4923\">Cela permet une cuisson homog\u00e8ne d\u00e8s les premi\u00e8res minutes.<\/p>\n<h3 data-start=\"4925\" data-end=\"4958\">\u2705 Ne surchargez pas le panier<\/h3>\n<p data-start=\"4959\" data-end=\"5053\">Choisissez un moule adapt\u00e9 \u00e0 la taille de votre air fryer pour une bonne circulation de l\u2019air.<\/p>\n<h3 data-start=\"5055\" data-end=\"5085\">\u2705 Surveillez la coloration<\/h3>\n<p data-start=\"5086\" data-end=\"5213\">Selon les mod\u00e8les, la chaleur peut \u00eatre plus ou moins intense. Si le dessus brunit trop vite, couvrez avec du papier aluminium.<\/p>\n<h3 data-start=\"5215\" data-end=\"5256\">\u2705 Faites caram\u00e9liser les pommes avant<\/h3>\n<p data-start=\"5257\" data-end=\"5360\">Cela renforce le go\u00fbt, donne une texture fondante et emp\u00eache qu\u2019elles rendent trop d\u2019eau dans la tarte.<\/p>\n<h3 data-start=\"5362\" data-end=\"5387\">\u2705 Ajoutez du croquant<\/h3>\n<p data-start=\"5388\" data-end=\"5496\">Vous pouvez saupoudrer le fond de tarte de poudre d\u2019amandes ou de biscuits \u00e9cras\u00e9s pour absorber l\u2019humidit\u00e9.<\/p>\n<h3 data-start=\"5503\" data-end=\"5539\"><strong data-start=\"5506\" data-end=\"5539\">Variantes gourmandes \u00e0 tester<\/strong><\/h3>\n<h3 data-start=\"5541\" data-end=\"5568\">\ud83c\udf4e Tarte pommes-amandes<\/h3>\n<p data-start=\"5569\" data-end=\"5693\">Ajoutez une <strong data-start=\"5581\" data-end=\"5599\">cr\u00e8me d\u2019amande<\/strong> (beurre, sucre, \u0153uf, poudre d\u2019amande) sous les pommes pour une version encore plus g\u00e9n\u00e9reuse.<\/p>\n<h3 data-start=\"5695\" data-end=\"5721\">\ud83c\udf4f Tarte pommes-poires<\/h3>\n<p data-start=\"5722\" data-end=\"5802\">M\u00e9langez les deux fruits pour une texture plus juteuse et une douceur naturelle.<\/p>\n<h3 data-start=\"5804\" data-end=\"5832\">\ud83c\udf6b Tarte pommes-chocolat<\/h3>\n<p data-start=\"5833\" data-end=\"5918\">Parsemez le fond de tarte de <strong data-start=\"5862\" data-end=\"5890\">copeaux de chocolat noir<\/strong> avant d\u2019ajouter les pommes.<\/p>\n<h3 data-start=\"5920\" data-end=\"5960\">\ud83e\udd67 Tarte tatin express \u00e0 l\u2019air fryer<\/h3>\n<p data-start=\"5961\" data-end=\"6102\">Faites caram\u00e9liser les pommes dans un moule, d\u00e9posez la p\u00e2te par-dessus, puis faites cuire \u00e0 170\u00b0C pendant 15 minutes. Retournez pour servir.<\/p>\n<h3 data-start=\"6104\" data-end=\"6122\">\ud83c\udf31 Tarte vegan<\/h3>\n<p data-start=\"6123\" data-end=\"6259\">Utilisez une p\u00e2te sans beurre, remplacez le beurre des pommes par de la margarine v\u00e9g\u00e9tale et le nappage par une confiture 100 % fruits.<\/p>\n<h3 data-start=\"6266\" data-end=\"6302\"><strong data-start=\"6269\" data-end=\"6302\">Que servir avec cette tarte ?<\/strong><\/h3>\n<ul data-start=\"6304\" data-end=\"6506\">\n<li data-start=\"6304\" data-end=\"6354\">\n<p data-start=\"6306\" data-end=\"6354\">Une <strong data-start=\"6310\" data-end=\"6327\">glace vanille<\/strong> ou <strong data-start=\"6331\" data-end=\"6354\">caramel beurre sal\u00e9<\/strong><\/p>\n<\/li>\n<li data-start=\"6355\" data-end=\"6386\">\n<p data-start=\"6357\" data-end=\"6386\">Une <strong data-start=\"6361\" data-end=\"6386\">cr\u00e8me fouett\u00e9e maison<\/strong><\/p>\n<\/li>\n<li data-start=\"6387\" data-end=\"6419\">\n<p data-start=\"6389\" data-end=\"6419\">Un <strong data-start=\"6392\" data-end=\"6419\">coulis de fruits rouges<\/strong><\/p>\n<\/li>\n<li data-start=\"6420\" data-end=\"6458\">\n<p data-start=\"6422\" data-end=\"6458\">Une <strong data-start=\"6426\" data-end=\"6458\">sauce au chocolat noir fondu<\/strong><\/p>\n<\/li>\n<li data-start=\"6459\" data-end=\"6506\">\n<p data-start=\"6461\" data-end=\"6506\">Un <strong data-start=\"6464\" data-end=\"6485\">th\u00e9 \u00e0 la cannelle<\/strong> ou un <strong data-start=\"6492\" data-end=\"6506\">caf\u00e9 cors\u00e9<\/strong><\/p>\n<\/li>\n<\/ul>\n<h3 data-start=\"6513\" data-end=\"6581\"><strong data-start=\"6516\" data-end=\"6581\">Pourquoi faire une tarte aux pommes dans une friteuse \u00e0 air ?<\/strong><\/h3>\n<h3 data-start=\"6583\" data-end=\"6600\">\u26a1 Plus rapide<\/h3>\n<p data-start=\"6601\" data-end=\"6673\">Pas besoin de pr\u00e9chauffer un grand four. Le temps de cuisson est r\u00e9duit.<\/p>\n<h3 data-start=\"6675\" data-end=\"6692\">\ud83c\udf0d \u00c9cologique<\/h3>\n<p data-start=\"6693\" data-end=\"6792\">La friteuse consomme <strong data-start=\"6714\" data-end=\"6733\">moins d\u2019\u00e9nergie<\/strong>, id\u00e9al pour les cuissons individuelles ou en petit format.<\/p>\n<h3 data-start=\"6794\" data-end=\"6818\">\ud83e\udd67 R\u00e9sultat bluffant<\/h3>\n<p data-start=\"6819\" data-end=\"6898\">La p\u00e2te reste croustillante, les pommes fondantes, et la cuisson est ma\u00eetris\u00e9e.<\/p>\n<h3 data-start=\"6900\" data-end=\"6932\">\ud83d\udc4c Id\u00e9al pour petits espaces<\/h3>\n<p data-start=\"6933\" data-end=\"7025\">Pas besoin d\u2019un four traditionnel : parfait en studio, en van, ou pour les petites cuisines.<\/p>\n<h3 data-start=\"7027\" data-end=\"7045\">\ud83e\uddc1 Polyvalence<\/h3>\n<p data-start=\"7046\" data-end=\"7129\">Vous pouvez aussi y cuire des mini tartes, des feuillet\u00e9s sucr\u00e9s, des muffins, etc.<\/p>\n<h3 data-start=\"7136\" data-end=\"7192\"><strong data-start=\"7139\" data-end=\"7192\">Conclusion : Tradition revisit\u00e9e, plaisir garanti<\/strong><\/h3>\n<p data-start=\"7194\" data-end=\"7494\">Pr\u00e9parer une <strong data-start=\"7207\" data-end=\"7264\">tarte aux pommes caram\u00e9lis\u00e9es dans une friteuse \u00e0 air<\/strong>, c\u2019est red\u00e9couvrir un classique sous un jour nouveau. Cette version moderne permet de gagner du temps, de l\u2019\u00e9nergie, et surtout d\u2019obtenir un <strong data-start=\"7406\" data-end=\"7442\">r\u00e9sultat croustillant et fondant<\/strong> \u00e0 la fois, digne des meilleures p\u00e2tisseries maison.<\/p>\n<p data-start=\"7496\" data-end=\"7712\">C\u2019est une recette accessible \u00e0 tous, adaptable selon vos go\u00fbts et vos envies. Que vous soyez adepte de la version rustique, gourmande ou cr\u00e9ative, vous trouverez forc\u00e9ment votre bonheur avec cette m\u00e9thode de cuisson.<\/p>\n<p data-start=\"7714\" data-end=\"7903\">Alors, sortez votre friteuse \u00e0 air, quelques pommes bien juteuses, et laissez-vous guider par l\u2019ar\u00f4me irr\u00e9sistible d\u2019une <strong data-start=\"7835\" data-end=\"7902\">tarte aux pommes caram\u00e9lis\u00e9es faite maison\u2026 en toute simplicit\u00e9<\/strong>.<\/p>\n","protected":false},"excerpt":{"rendered":"<p>Tarte aux pommes et ses tranches caram\u00e9lis\u00e9es \u00e0 l\u2019Air Fryer : Un Classique R\u00e9invent\u00e9 Introduction : Le dessert familial par excellence, version moderne La tarte aux pommes, c\u2019est bien plus &#8230; <\/p>\n<p class=\"read-more-container\"><a title=\"Tarte aux pommes et tranches caram\u00e9lis\u00e9es \u00e0 l\u2019air fryer\" class=\"read-more button\" href=\"https:\/\/airfryerchickenwings.com\/fr\/tarte-aux-pommes-et-tranches-caramelisees-a-lair-fryer\/#more-53\" aria-label=\"En savoir plus sur Tarte aux pommes et tranches caram\u00e9lis\u00e9es \u00e0 l\u2019air fryer\">Read more<\/a><\/p>\n","protected":false},"author":1,"featured_media":54,"comment_status":"open","ping_status":"open","sticky":false,"template":"","format":"standard","meta":{"footnotes":""},"categories":[4],"tags":[],"class_list":["post-53","post","type-post","status-publish","format-standard","has-post-thumbnail","hentry","category-friteuse-a-air","generate-columns","tablet-grid-50","mobile-grid-100","grid-parent","grid-50","no-featured-image-padding"],"_links":{"self":[{"href":"https:\/\/airfryerchickenwings.com\/fr\/wp-json\/wp\/v2\/posts\/53","targetHints":{"allow":["GET"]}}],"collection":[{"href":"https:\/\/airfryerchickenwings.com\/fr\/wp-json\/wp\/v2\/posts"}],"about":[{"href":"https:\/\/airfryerchickenwings.com\/fr\/wp-json\/wp\/v2\/types\/post"}],"author":[{"embeddable":true,"href":"https:\/\/airfryerchickenwings.com\/fr\/wp-json\/wp\/v2\/users\/1"}],"replies":[{"embeddable":true,"href":"https:\/\/airfryerchickenwings.com\/fr\/wp-json\/wp\/v2\/comments?post=53"}],"version-history":[{"count":1,"href":"https:\/\/airfryerchickenwings.com\/fr\/wp-json\/wp\/v2\/posts\/53\/revisions"}],"predecessor-version":[{"id":55,"href":"https:\/\/airfryerchickenwings.com\/fr\/wp-json\/wp\/v2\/posts\/53\/revisions\/55"}],"wp:featuredmedia":[{"embeddable":true,"href":"https:\/\/airfryerchickenwings.com\/fr\/wp-json\/wp\/v2\/media\/54"}],"wp:attachment":[{"href":"https:\/\/airfryerchickenwings.com\/fr\/wp-json\/wp\/v2\/media?parent=53"}],"wp:term":[{"taxonomy":"category","embeddable":true,"href":"https:\/\/airfryerchickenwings.com\/fr\/wp-json\/wp\/v2\/categories?post=53"},{"taxonomy":"post_tag","embeddable":true,"href":"https:\/\/airfryerchickenwings.com\/fr\/wp-json\/wp\/v2\/tags?post=53"}],"curies":[{"name":"wp","href":"https:\/\/api.w.org\/{rel}","templated":true}]}}