{"id":68,"date":"2025-05-24T11:02:44","date_gmt":"2025-05-24T11:02:44","guid":{"rendered":"https:\/\/airfryerchickenwings.com\/fr\/?p=68"},"modified":"2025-05-24T11:02:44","modified_gmt":"2025-05-24T11:02:44","slug":"flan-vanille-a-lairfryer","status":"publish","type":"post","link":"https:\/\/airfryerchickenwings.com\/fr\/flan-vanille-a-lairfryer\/","title":{"rendered":"Flan vanill\u00e9 \u00e0 l\u2019Airfryer"},"content":{"rendered":"<h2 data-start=\"296\" data-end=\"367\"><strong data-start=\"301\" data-end=\"367\">Recette pour pr\u00e9parer un flan rapide et d\u00e9licieux \u00e0 l\u2019Airfryer<\/strong><\/h2>\n<h3 data-start=\"369\" data-end=\"445\"><strong data-start=\"372\" data-end=\"445\">Introduction : Le flan, un classique intemporel revisit\u00e9 \u00e0 l\u2019Airfryer<\/strong><\/h3>\n<p data-start=\"447\" data-end=\"762\">Le flan, avec sa texture lisse et fondante, est sans doute l\u2019un des desserts les plus r\u00e9confortants et populaires de la gastronomie familiale. Qu\u2019il soit vanill\u00e9, au caramel, au chocolat ou encore au lait de coco, il \u00e9voque immanquablement les souvenirs d\u2019enfance, les go\u00fbters du dimanche et les repas faits maison.<\/p>\n<p data-start=\"764\" data-end=\"1096\">Traditionnellement cuit au four ou au bain-marie, le flan peut sembler long \u00e0 pr\u00e9parer, notamment \u00e0 cause de ses temps de cuisson prolong\u00e9s. Mais avec l\u2019arriv\u00e9e de la <strong data-start=\"931\" data-end=\"960\">friteuse \u00e0 air (Airfryer)<\/strong> dans nos cuisines modernes, il est d\u00e9sormais possible de <strong data-start=\"1018\" data-end=\"1095\">r\u00e9aliser un flan rapidement, sans compromis sur la texture ni sur le go\u00fbt<\/strong>.<\/p>\n<p data-start=\"1098\" data-end=\"1384\">L\u2019Airfryer, connu pour ses capacit\u00e9s \u00e0 cuire sans mati\u00e8re grasse, est aussi un formidable alli\u00e9 pour les <strong data-start=\"1203\" data-end=\"1227\">pr\u00e9parations sucr\u00e9es<\/strong>, en particulier les flans. Gr\u00e2ce \u00e0 sa <strong data-start=\"1266\" data-end=\"1295\">cuisson douce et homog\u00e8ne<\/strong>, il permet d\u2019obtenir un flan <strong data-start=\"1325\" data-end=\"1383\">bien pris, sans surcuisson, et pr\u00eat en un temps record<\/strong>.<\/p>\n<p data-start=\"1386\" data-end=\"1422\">Dans cet article, vous d\u00e9couvrirez :<\/p>\n<ul data-start=\"1423\" data-end=\"1761\">\n<li data-start=\"1423\" data-end=\"1509\">\n<p data-start=\"1425\" data-end=\"1509\">Une <strong data-start=\"1429\" data-end=\"1478\">recette compl\u00e8te de flan vanille \u00e0 l\u2019Airfryer<\/strong>, rapide, simple et inratable<\/p>\n<\/li>\n<li data-start=\"1510\" data-end=\"1555\">\n<p data-start=\"1512\" data-end=\"1555\">Des <strong data-start=\"1516\" data-end=\"1553\">astuces pour une texture parfaite<\/strong><\/p>\n<\/li>\n<li data-start=\"1556\" data-end=\"1618\">\n<p data-start=\"1558\" data-end=\"1618\">Des <strong data-start=\"1562\" data-end=\"1586\">variantes gourmandes<\/strong> (au chocolat, coco, caramel\u2026)<\/p>\n<\/li>\n<li data-start=\"1619\" data-end=\"1672\">\n<p data-start=\"1621\" data-end=\"1672\">Des <strong data-start=\"1625\" data-end=\"1670\">id\u00e9es de pr\u00e9sentation et d\u2019accompagnement<\/strong><\/p>\n<\/li>\n<li data-start=\"1673\" data-end=\"1761\">\n<p data-start=\"1675\" data-end=\"1761\">Et une <strong data-start=\"1682\" data-end=\"1707\">conclusion inspirante<\/strong> pour int\u00e9grer le flan dans votre cuisine du quotidien<\/p>\n<\/li>\n<\/ul>\n<h3 data-start=\"1768\" data-end=\"1840\"><strong data-start=\"1775\" data-end=\"1840\">Recette compl\u00e8te : Flan vanill\u00e9 \u00e0 l\u2019Airfryer (version rapide)<\/strong><\/h3>\n<h3 data-start=\"1842\" data-end=\"1883\"><strong data-start=\"1846\" data-end=\"1883\">Ingr\u00e9dients (pour 4 \u00e0 6 portions)<\/strong><\/h3>\n<h4 data-start=\"1885\" data-end=\"1904\">Pour le flan :<\/h4>\n<ul data-start=\"1905\" data-end=\"2031\">\n<li data-start=\"1905\" data-end=\"1945\">\n<p data-start=\"1907\" data-end=\"1945\">500 ml de lait entier (ou demi-\u00e9cr\u00e9m\u00e9)<\/p>\n<\/li>\n<li data-start=\"1946\" data-end=\"1954\">\n<p data-start=\"1948\" data-end=\"1954\">4 \u0153ufs<\/p>\n<\/li>\n<li data-start=\"1955\" data-end=\"1971\">\n<p data-start=\"1957\" data-end=\"1971\">100 g de sucre<\/p>\n<\/li>\n<li data-start=\"1972\" data-end=\"2013\">\n<p data-start=\"1974\" data-end=\"2013\">1 cuill\u00e8re \u00e0 soupe d\u2019extrait de vanille<\/p>\n<\/li>\n<li data-start=\"2014\" data-end=\"2031\">\n<p data-start=\"2016\" data-end=\"2031\">1 pinc\u00e9e de sel<\/p>\n<\/li>\n<\/ul>\n<h4 data-start=\"2033\" data-end=\"2055\">Pour le caramel :<\/h4>\n<ul data-start=\"2056\" data-end=\"2100\">\n<li data-start=\"2056\" data-end=\"2072\">\n<p data-start=\"2058\" data-end=\"2072\">100 g de sucre<\/p>\n<\/li>\n<li data-start=\"2073\" data-end=\"2100\">\n<p data-start=\"2075\" data-end=\"2100\">2 cuill\u00e8res \u00e0 soupe d\u2019eau<\/p>\n<\/li>\n<\/ul>\n<h3 data-start=\"2107\" data-end=\"2136\"><strong data-start=\"2111\" data-end=\"2136\">Mat\u00e9riel n\u00e9cessaire :<\/strong><\/h3>\n<ul data-start=\"2137\" data-end=\"2303\">\n<li data-start=\"2137\" data-end=\"2171\">\n<p data-start=\"2139\" data-end=\"2171\">Airfryer (avec panier ou tiroir)<\/p>\n<\/li>\n<li data-start=\"2172\" data-end=\"2223\">\n<p data-start=\"2174\" data-end=\"2223\">Moule \u00e0 flan ou ramequins individuels compatibles<\/p>\n<\/li>\n<li data-start=\"2224\" data-end=\"2253\">\n<p data-start=\"2226\" data-end=\"2253\">Casserole (pour le caramel)<\/p>\n<\/li>\n<li data-start=\"2254\" data-end=\"2271\">\n<p data-start=\"2256\" data-end=\"2271\">Fouet ou mixeur<\/p>\n<\/li>\n<li data-start=\"2272\" data-end=\"2303\">\n<p data-start=\"2274\" data-end=\"2303\">Papier aluminium (facultatif)<\/p>\n<\/li>\n<\/ul>\n<h3 data-start=\"2310\" data-end=\"2345\"><strong data-start=\"2320\" data-end=\"2345\">Pr\u00e9paration pas \u00e0 pas<\/strong><\/h3>\n<h4 data-start=\"2347\" data-end=\"2378\"><strong data-start=\"2352\" data-end=\"2378\">1. Pr\u00e9parer le caramel<\/strong><\/h4>\n<p data-start=\"2379\" data-end=\"2505\">Dans une casserole \u00e0 feu moyen, versez le sucre et l\u2019eau. Laissez fondre sans remuer, jusqu\u2019\u00e0 obtention d\u2019un <strong data-start=\"2488\" data-end=\"2504\">caramel dor\u00e9<\/strong>.<\/p>\n<p data-start=\"2507\" data-end=\"2631\">Versez rapidement le caramel dans le fond de votre moule (ou des ramequins). Inclinez pour bien r\u00e9partir. Laissez refroidir.<\/p>\n<h4 data-start=\"2633\" data-end=\"2671\"><strong data-start=\"2638\" data-end=\"2671\">2. Pr\u00e9parer l\u2019appareil \u00e0 flan<\/strong><\/h4>\n<p data-start=\"2672\" data-end=\"2803\">Dans un grand bol, cassez les \u0153ufs. Ajoutez le sucre, la vanille et la pinc\u00e9e de sel. Fouettez jusqu\u2019\u00e0 obtenir un m\u00e9lange homog\u00e8ne.<\/p>\n<p data-start=\"2805\" data-end=\"2927\">Faites chauffer le lait dans une casserole (sans faire bouillir), puis incorporez-le doucement aux \u0153ufs tout en fouettant.<\/p>\n<p data-start=\"2929\" data-end=\"3035\">\ud83d\udca1 <strong data-start=\"2932\" data-end=\"2944\">Astuce :<\/strong> Pour une texture ultra lisse, passez le m\u00e9lange au tamis avant de le verser dans le moule.<\/p>\n<h4 data-start=\"3037\" data-end=\"3072\"><strong data-start=\"3042\" data-end=\"3072\">3. Cuisson dans l\u2019Airfryer<\/strong><\/h4>\n<p data-start=\"3073\" data-end=\"3182\">Versez l\u2019appareil dans le moule caram\u00e9lis\u00e9.<br data-start=\"3116\" data-end=\"3119\" \/>Couvrez de papier aluminium pour \u00e9viter que le dessus ne s\u00e8che.<\/p>\n<p data-start=\"3184\" data-end=\"3237\">Pr\u00e9chauffez l\u2019Airfryer \u00e0 <strong data-start=\"3209\" data-end=\"3236\">150\u00b0C pendant 3 minutes<\/strong>.<\/p>\n<p data-start=\"3239\" data-end=\"3290\">Placez le moule dans le panier, puis faites cuire :<\/p>\n<ul data-start=\"3291\" data-end=\"3406\">\n<li data-start=\"3291\" data-end=\"3350\">\n<p data-start=\"3293\" data-end=\"3350\"><strong data-start=\"3293\" data-end=\"3328\">\u00c0 150\u00b0C pendant 25 \u00e0 30 minutes<\/strong> pour un grand moule<\/p>\n<\/li>\n<li data-start=\"3351\" data-end=\"3406\">\n<p data-start=\"3353\" data-end=\"3406\">Ou <strong data-start=\"3356\" data-end=\"3375\">15 \u00e0 18 minutes<\/strong> pour des ramequins individuels<\/p>\n<\/li>\n<\/ul>\n<p data-start=\"3408\" data-end=\"3500\">V\u00e9rifiez la cuisson en touchant l\u00e9g\u00e8rement : le centre doit \u00eatre <strong data-start=\"3473\" data-end=\"3499\">l\u00e9g\u00e8rement tremblotant<\/strong>.<\/p>\n<p data-start=\"3502\" data-end=\"3617\">Laissez refroidir \u00e0 temp\u00e9rature ambiante, puis placez au r\u00e9frig\u00e9rateur <strong data-start=\"3573\" data-end=\"3594\">au moins 2 heures<\/strong> (id\u00e9alement une nuit).<\/p>\n<h3 data-start=\"3624\" data-end=\"3655\"><strong data-start=\"3631\" data-end=\"3655\">\u00a0D\u00e9moulage et service<\/strong><\/h3>\n<p data-start=\"3656\" data-end=\"3783\">Passez la lame d\u2019un couteau sur les bords du moule pour d\u00e9coller le flan.<br data-start=\"3729\" data-end=\"3732\" \/>Retournez d\u00e9licatement sur une assiette de service.<\/p>\n<p data-start=\"3785\" data-end=\"3847\">Le caramel coulera joliment sur le dessus. Servez bien frais !<\/p>\n<h3 data-start=\"3854\" data-end=\"3905\"><strong data-start=\"3860\" data-end=\"3905\">Variantes gourmandes du flan \u00e0 l\u2019Airfryer<\/strong><\/h3>\n<h3 data-start=\"3907\" data-end=\"3930\">\ud83c\udf6b Flan au chocolat<\/h3>\n<p data-start=\"3931\" data-end=\"4057\">Ajoutez <strong data-start=\"3939\" data-end=\"3971\">100 g de chocolat noir fondu<\/strong> dans le m\u00e9lange lait\/\u0153ufs. Pour un go\u00fbt intense, utilisez du cacao non sucr\u00e9 en plus.<\/p>\n<h3 data-start=\"4059\" data-end=\"4075\">\ud83e\udd65 Flan coco<\/h3>\n<p data-start=\"4076\" data-end=\"4195\">Remplacez la moiti\u00e9 du lait par du <strong data-start=\"4111\" data-end=\"4127\">lait de coco<\/strong>. Ajoutez 50 g de noix de coco r\u00e2p\u00e9e. Un parfum exotique d\u00e9licieux !<\/p>\n<h3 data-start=\"4197\" data-end=\"4215\">\ud83c\udf4b Flan citron<\/h3>\n<p data-start=\"4216\" data-end=\"4311\">Ajoutez <strong data-start=\"4224\" data-end=\"4252\">le zeste d\u2019un citron bio<\/strong> et quelques gouttes de jus. Parfait avec un caramel l\u00e9ger.<\/p>\n<h3 data-start=\"4313\" data-end=\"4348\">\ud83c\udf4e Flan aux pommes caram\u00e9lis\u00e9es<\/h3>\n<p data-start=\"4349\" data-end=\"4441\">Disposez dans le moule des lamelles de pommes revenues au beurre avant de verser l\u2019appareil.<\/p>\n<h3 data-start=\"4443\" data-end=\"4473\">\ud83c\udf6e Flan sans sucre raffin\u00e9<\/h3>\n<p data-start=\"4474\" data-end=\"4586\">Utilisez du <strong data-start=\"4486\" data-end=\"4503\">sucre de coco<\/strong>, du <strong data-start=\"4508\" data-end=\"4526\">sirop d\u2019\u00e9rable<\/strong> ou du <strong data-start=\"4533\" data-end=\"4541\">miel<\/strong> pour sucrer naturellement votre pr\u00e9paration.<\/p>\n<h3 data-start=\"4593\" data-end=\"4647\"><strong data-start=\"4599\" data-end=\"4647\">Astuces pour r\u00e9ussir votre flan \u00e0 l\u2019Airfryer<\/strong><\/h3>\n<h3 data-start=\"4649\" data-end=\"4682\">\u2705 Ne pas trop battre les \u0153ufs<\/h3>\n<p data-start=\"4683\" data-end=\"4753\">Fouettez doucement pour \u00e9viter les bulles qui donnent un flan alv\u00e9ol\u00e9.<\/p>\n<h3 data-start=\"4755\" data-end=\"4781\">\u2705 Bien couvrir le flan<\/h3>\n<p data-start=\"4782\" data-end=\"4850\">Couvrez avec du papier aluminium pour une cuisson douce et uniforme.<\/p>\n<h3 data-start=\"4852\" data-end=\"4891\">\u2705 Adapter le moule \u00e0 votre appareil<\/h3>\n<p data-start=\"4892\" data-end=\"4996\">Utilisez un <strong data-start=\"4904\" data-end=\"4939\">moule m\u00e9tallique ou en silicone<\/strong> qui tient parfaitement dans le panier de votre Airfryer.<\/p>\n<h3 data-start=\"4998\" data-end=\"5035\">\u2705 Tester la cuisson avec une lame<\/h3>\n<p data-start=\"5036\" data-end=\"5109\">Elle doit ressortir propre sur les bords, et l\u00e9g\u00e8rement humide au centre.<\/p>\n<h3 data-start=\"5116\" data-end=\"5155\"><strong data-start=\"5122\" data-end=\"5155\">Avec quoi servir votre flan ?<\/strong><\/h3>\n<ul data-start=\"5157\" data-end=\"5396\">\n<li data-start=\"5157\" data-end=\"5183\">\n<p data-start=\"5159\" data-end=\"5183\">Une <strong data-start=\"5163\" data-end=\"5183\">chantilly maison<\/strong><\/p>\n<\/li>\n<li data-start=\"5184\" data-end=\"5246\">\n<p data-start=\"5186\" data-end=\"5246\">Des <strong data-start=\"5190\" data-end=\"5206\">fruits frais<\/strong> (framboises, mangue, tranches de poire)<\/p>\n<\/li>\n<li data-start=\"5247\" data-end=\"5308\">\n<p data-start=\"5249\" data-end=\"5308\">Un coulis de <strong data-start=\"5262\" data-end=\"5273\">caramel<\/strong>, <strong data-start=\"5275\" data-end=\"5287\">chocolat<\/strong> ou <strong data-start=\"5291\" data-end=\"5308\">fruits rouges<\/strong><\/p>\n<\/li>\n<li data-start=\"5309\" data-end=\"5343\">\n<p data-start=\"5311\" data-end=\"5343\">Une touche de <strong data-start=\"5325\" data-end=\"5343\">cr\u00e8me anglaise<\/strong><\/p>\n<\/li>\n<li data-start=\"5344\" data-end=\"5396\">\n<p data-start=\"5346\" data-end=\"5396\">Des <strong data-start=\"5350\" data-end=\"5374\">brisures de biscuits<\/strong> ou d\u2019amandes grill\u00e9es<\/p>\n<\/li>\n<\/ul>\n<h3 data-start=\"5403\" data-end=\"5457\"><strong data-start=\"5409\" data-end=\"5457\">Pourquoi faire un flan \u00e0 la friteuse \u00e0 air ?<\/strong><\/h3>\n<h3 data-start=\"5459\" data-end=\"5479\">\u23f1\ufe0f Gain de temps<\/h3>\n<p data-start=\"5480\" data-end=\"5540\">Cuisson en <strong data-start=\"5491\" data-end=\"5513\">30 minutes maximum<\/strong>, sans pr\u00e9chauffer un four.<\/p>\n<h3 data-start=\"5542\" data-end=\"5559\">\ud83c\udf0d \u00c9conomique<\/h3>\n<p data-start=\"5560\" data-end=\"5607\">Moins d\u2019\u00e9nergie consomm\u00e9e qu\u2019un four classique.<\/p>\n<h3 data-start=\"5609\" data-end=\"5624\">\ud83e\uddfc Pratique<\/h3>\n<p data-start=\"5625\" data-end=\"5673\">Moins de vaisselle et pas de bain-marie \u00e0 g\u00e9rer.<\/p>\n<h3 data-start=\"5675\" data-end=\"5698\">\ud83d\udd25 Cuisson homog\u00e8ne<\/h3>\n<p data-start=\"5699\" data-end=\"5768\">L\u2019Airfryer offre une <strong data-start=\"5720\" data-end=\"5741\">cuisson ma\u00eetris\u00e9e<\/strong>, sans dess\u00e9cher les bords.<\/p>\n<h3 data-start=\"5775\" data-end=\"5810\"><strong data-start=\"5781\" data-end=\"5810\">Foire aux questions (FAQ)<\/strong><\/h3>\n<h3 data-start=\"5812\" data-end=\"5852\">\u2753 Peut-on utiliser du lait v\u00e9g\u00e9tal ?<\/h3>\n<p data-start=\"5853\" data-end=\"5912\">Oui ! Amandes, avoine, soja ou coco fonctionnent tr\u00e8s bien.<\/p>\n<h3 data-start=\"5914\" data-end=\"5952\">\u2753 Peut-on le pr\u00e9parer \u00e0 l\u2019avance ?<\/h3>\n<p data-start=\"5953\" data-end=\"6015\">Absolument. Il est m\u00eame <strong data-start=\"5977\" data-end=\"6002\">meilleur le lendemain<\/strong>, bien frais.<\/p>\n<h3 data-start=\"6017\" data-end=\"6049\">\u2753 Peut-on congeler le flan ?<\/h3>\n<p data-start=\"6050\" data-end=\"6133\">Ce n\u2019est pas recommand\u00e9, car la texture peut devenir granuleuse \u00e0 la d\u00e9cong\u00e9lation.<\/p>\n<h3 data-start=\"6135\" data-end=\"6182\">\u2753 Quelle est la meilleure taille de moule ?<\/h3>\n<p data-start=\"6183\" data-end=\"6280\">Un moule de <strong data-start=\"6195\" data-end=\"6221\">16 \u00e0 18 cm de diam\u00e8tre<\/strong> est parfait pour la plupart des Airfryers de 4 \u00e0 5 litres.<\/p>\n<h3 data-start=\"6287\" data-end=\"6364\"><strong data-start=\"6293\" data-end=\"6364\">Valeurs nutritionnelles moyennes (pour 1 portion de flan classique)<\/strong><\/h3>\n<ul data-start=\"6366\" data-end=\"6466\">\n<li data-start=\"6366\" data-end=\"6389\">\n<p data-start=\"6368\" data-end=\"6389\">Calories : 180 kcal<\/p>\n<\/li>\n<li data-start=\"6390\" data-end=\"6409\">\n<p data-start=\"6392\" data-end=\"6409\">Prot\u00e9ines : 6 g<\/p>\n<\/li>\n<li data-start=\"6410\" data-end=\"6429\">\n<p data-start=\"6412\" data-end=\"6429\">Glucides : 25 g<\/p>\n<\/li>\n<li data-start=\"6430\" data-end=\"6447\">\n<p data-start=\"6432\" data-end=\"6447\">Lipides : 6 g<\/p>\n<\/li>\n<li data-start=\"6448\" data-end=\"6466\">\n<p data-start=\"6450\" data-end=\"6466\">Calcium : 150 mg<\/p>\n<\/li>\n<\/ul>\n<p data-start=\"6468\" data-end=\"6539\">Un dessert <strong data-start=\"6479\" data-end=\"6513\">l\u00e9ger, prot\u00e9in\u00e9 et sans farine<\/strong>, adapt\u00e9 \u00e0 tous les \u00e2ges !<\/p>\n<h3 data-start=\"6546\" data-end=\"6594\"><strong data-start=\"6552\" data-end=\"6594\">R\u00e9sum\u00e9 de la recette (version express)<\/strong><\/h3>\n<ol data-start=\"6596\" data-end=\"6857\">\n<li data-start=\"6596\" data-end=\"6647\">\n<p data-start=\"6599\" data-end=\"6647\"><strong data-start=\"6599\" data-end=\"6622\">Pr\u00e9parer le caramel<\/strong> \u2192 Verser dans le moule<\/p>\n<\/li>\n<li data-start=\"6648\" data-end=\"6698\">\n<p data-start=\"6651\" data-end=\"6698\"><strong data-start=\"6651\" data-end=\"6696\">M\u00e9langer \u0153ufs, sucre, vanille, lait chaud<\/strong><\/p>\n<\/li>\n<li data-start=\"6699\" data-end=\"6737\">\n<p data-start=\"6702\" data-end=\"6737\"><strong data-start=\"6702\" data-end=\"6735\">Verser dans le moule, couvrir<\/strong><\/p>\n<\/li>\n<li data-start=\"6738\" data-end=\"6774\">\n<p data-start=\"6741\" data-end=\"6774\"><strong data-start=\"6741\" data-end=\"6772\">Cuire \u00e0 150\u00b0C \u2013 25 \u00e0 30 min<\/strong><\/p>\n<\/li>\n<li data-start=\"6775\" data-end=\"6806\">\n<p data-start=\"6778\" data-end=\"6806\"><strong data-start=\"6778\" data-end=\"6804\">R\u00e9frig\u00e9rer 2 h minimum<\/strong><\/p>\n<\/li>\n<li data-start=\"6807\" data-end=\"6857\">\n<p data-start=\"6810\" data-end=\"6857\"><strong data-start=\"6810\" data-end=\"6857\">D\u00e9mouler, servir frais avec caramel coulant<\/strong><\/p>\n<\/li>\n<\/ol>\n<h3 data-start=\"6864\" data-end=\"6922\"><strong data-start=\"6869\" data-end=\"6922\">Conclusion : Le flan nouvelle g\u00e9n\u00e9ration est l\u00e0 !<\/strong><\/h3>\n<p data-start=\"6924\" data-end=\"7234\">Pr\u00e9parer un <strong data-start=\"6936\" data-end=\"6977\">flan rapide et d\u00e9licieux \u00e0 l\u2019Airfryer<\/strong>, c\u2019est combiner <strong data-start=\"6994\" data-end=\"7033\">le charme d\u2019un dessert traditionnel<\/strong> avec la <strong data-start=\"7042\" data-end=\"7081\">modernit\u00e9 d\u2019un appareil intelligent<\/strong>. En moins de 30 minutes, vous obtenez un flan <strong data-start=\"7128\" data-end=\"7171\">onctueux, parfum\u00e9, et parfaitement cuit<\/strong>, sans four, sans bain-marie, et avec tr\u00e8s peu de surveillance.<\/p>\n<p data-start=\"7236\" data-end=\"7255\">Cette recette est :<\/p>\n<ul data-start=\"7256\" data-end=\"7539\">\n<li data-start=\"7256\" data-end=\"7309\">\n<p data-start=\"7258\" data-end=\"7309\"><strong data-start=\"7258\" data-end=\"7282\">Facile et accessible<\/strong>, m\u00eame pour les d\u00e9butants<\/p>\n<\/li>\n<li data-start=\"7310\" data-end=\"7339\">\n<p data-start=\"7312\" data-end=\"7339\"><strong data-start=\"7312\" data-end=\"7337\">\u00c9conomique en \u00e9nergie<\/strong><\/p>\n<\/li>\n<li data-start=\"7340\" data-end=\"7432\">\n<p data-start=\"7342\" data-end=\"7432\"><strong data-start=\"7342\" data-end=\"7367\">D\u00e9clinable \u00e0 l\u2019infini<\/strong>, selon vos envies (coco, chocolat, citron, sans lactose, etc.)<\/p>\n<\/li>\n<li data-start=\"7433\" data-end=\"7539\">\n<p data-start=\"7435\" data-end=\"7539\">Parfaite pour toutes les occasions : <strong data-start=\"7472\" data-end=\"7539\">dessert de tous les jours, repas en famille ou d\u00eener entre amis<\/strong><\/p>\n<\/li>\n<\/ul>\n<p data-start=\"7541\" data-end=\"7739\">Alors n\u2019attendez plus pour revisiter ce grand classique de la p\u00e2tisserie fran\u00e7aise avec votre friteuse \u00e0 air. <strong data-start=\"7651\" data-end=\"7739\">Laissez-vous surprendre par le r\u00e9sultat : un flan rapide, d\u00e9licieux\u2026 et inoubliable.<\/strong><\/p>\n","protected":false},"excerpt":{"rendered":"<p>Recette pour pr\u00e9parer un flan rapide et d\u00e9licieux \u00e0 l\u2019Airfryer Introduction : Le flan, un classique intemporel revisit\u00e9 \u00e0 l\u2019Airfryer Le flan, avec sa texture lisse et fondante, est sans &#8230; <\/p>\n<p class=\"read-more-container\"><a title=\"Flan vanill\u00e9 \u00e0 l\u2019Airfryer\" class=\"read-more button\" href=\"https:\/\/airfryerchickenwings.com\/fr\/flan-vanille-a-lairfryer\/#more-68\" aria-label=\"En savoir plus sur Flan vanill\u00e9 \u00e0 l\u2019Airfryer\">Read more<\/a><\/p>\n","protected":false},"author":1,"featured_media":69,"comment_status":"open","ping_status":"open","sticky":false,"template":"","format":"standard","meta":{"footnotes":""},"categories":[4],"tags":[],"class_list":["post-68","post","type-post","status-publish","format-standard","has-post-thumbnail","hentry","category-friteuse-a-air","generate-columns","tablet-grid-50","mobile-grid-100","grid-parent","grid-50","no-featured-image-padding"],"_links":{"self":[{"href":"https:\/\/airfryerchickenwings.com\/fr\/wp-json\/wp\/v2\/posts\/68","targetHints":{"allow":["GET"]}}],"collection":[{"href":"https:\/\/airfryerchickenwings.com\/fr\/wp-json\/wp\/v2\/posts"}],"about":[{"href":"https:\/\/airfryerchickenwings.com\/fr\/wp-json\/wp\/v2\/types\/post"}],"author":[{"embeddable":true,"href":"https:\/\/airfryerchickenwings.com\/fr\/wp-json\/wp\/v2\/users\/1"}],"replies":[{"embeddable":true,"href":"https:\/\/airfryerchickenwings.com\/fr\/wp-json\/wp\/v2\/comments?post=68"}],"version-history":[{"count":1,"href":"https:\/\/airfryerchickenwings.com\/fr\/wp-json\/wp\/v2\/posts\/68\/revisions"}],"predecessor-version":[{"id":70,"href":"https:\/\/airfryerchickenwings.com\/fr\/wp-json\/wp\/v2\/posts\/68\/revisions\/70"}],"wp:featuredmedia":[{"embeddable":true,"href":"https:\/\/airfryerchickenwings.com\/fr\/wp-json\/wp\/v2\/media\/69"}],"wp:attachment":[{"href":"https:\/\/airfryerchickenwings.com\/fr\/wp-json\/wp\/v2\/media?parent=68"}],"wp:term":[{"taxonomy":"category","embeddable":true,"href":"https:\/\/airfryerchickenwings.com\/fr\/wp-json\/wp\/v2\/categories?post=68"},{"taxonomy":"post_tag","embeddable":true,"href":"https:\/\/airfryerchickenwings.com\/fr\/wp-json\/wp\/v2\/tags?post=68"}],"curies":[{"name":"wp","href":"https:\/\/api.w.org\/{rel}","templated":true}]}}