{"id":71,"date":"2025-05-24T11:14:08","date_gmt":"2025-05-24T11:14:08","guid":{"rendered":"https:\/\/airfryerchickenwings.com\/fr\/?p=71"},"modified":"2025-05-24T11:14:08","modified_gmt":"2025-05-24T11:14:08","slug":"cotelettes-de-porc-a-la-friteuse-a-air","status":"publish","type":"post","link":"https:\/\/airfryerchickenwings.com\/fr\/cotelettes-de-porc-a-la-friteuse-a-air\/","title":{"rendered":"C\u00f4telettes de porc \u00e0 la friteuse \u00e0 air"},"content":{"rendered":"<h2 data-start=\"361\" data-end=\"457\"><strong data-start=\"366\" data-end=\"457\">C\u00f4telettes de porc \u00e0 la friteuse \u00e0 air : tendres, juteuses et parfaitement assaisonn\u00e9es<\/strong><\/h2>\n<h3 data-start=\"459\" data-end=\"541\"><strong data-start=\"462\" data-end=\"541\">Introduction : La friteuse \u00e0 air, alli\u00e9e des viandes savoureuses et l\u00e9g\u00e8res<\/strong><\/h3>\n<p data-start=\"543\" data-end=\"1072\">Pendant longtemps, les c\u00f4telettes de porc ont \u00e9t\u00e9 un pilier de la cuisine familiale : faciles \u00e0 pr\u00e9parer, \u00e9conomiques, et appr\u00e9ci\u00e9es de tous. Mais elles ont aussi parfois souffert d\u2019une r\u00e9putation de viande s\u00e8che ou fade, en particulier quand elles sont mal cuites ou peu assaisonn\u00e9es. Heureusement, les techniques culinaires ont \u00e9volu\u00e9, et aujourd\u2019hui, gr\u00e2ce \u00e0 la <strong data-start=\"908\" data-end=\"937\">friteuse \u00e0 air (Airfryer)<\/strong>, vous pouvez pr\u00e9parer des <strong data-start=\"964\" data-end=\"1028\">c\u00f4telettes de porc tendres, juteuses, et parfaitement dor\u00e9es<\/strong>, avec tr\u00e8s peu d\u2019huile, en un temps record.<\/p>\n<p data-start=\"1074\" data-end=\"1431\">La friteuse \u00e0 air permet une cuisson homog\u00e8ne et rapide, en conservant les sucs de la viande \u00e0 l\u2019int\u00e9rieur, tout en assurant une belle caram\u00e9lisation \u00e0 l\u2019ext\u00e9rieur. En combinant cela avec un bon assaisonnement et une marinade bien pens\u00e9e, vos c\u00f4telettes de porc deviennent <strong data-start=\"1347\" data-end=\"1386\">un plat digne des meilleures tables<\/strong>, sans effort excessif ni longue pr\u00e9paration.<\/p>\n<p data-start=\"1433\" data-end=\"1474\">Dans cet article, nous allons d\u00e9couvrir :<\/p>\n<ul data-start=\"1475\" data-end=\"1805\">\n<li data-start=\"1475\" data-end=\"1564\">\n<p data-start=\"1477\" data-end=\"1564\">Une <strong data-start=\"1481\" data-end=\"1536\">recette compl\u00e8te de c\u00f4telettes de porc \u00e0 l\u2019Airfryer<\/strong>, assaisonn\u00e9es et juteuses<\/p>\n<\/li>\n<li data-start=\"1565\" data-end=\"1624\">\n<p data-start=\"1567\" data-end=\"1624\">Des <strong data-start=\"1571\" data-end=\"1622\">techniques pour attendrir et parfumer la viande<\/strong><\/p>\n<\/li>\n<li data-start=\"1625\" data-end=\"1680\">\n<p data-start=\"1627\" data-end=\"1680\">Des <strong data-start=\"1631\" data-end=\"1678\">variantes d\u2019assaisonnements selon vos go\u00fbts<\/strong><\/p>\n<\/li>\n<li data-start=\"1681\" data-end=\"1716\">\n<p data-start=\"1683\" data-end=\"1716\">Des <strong data-start=\"1687\" data-end=\"1714\">id\u00e9es d\u2019accompagnements<\/strong><\/p>\n<\/li>\n<li data-start=\"1717\" data-end=\"1805\">\n<p data-start=\"1719\" data-end=\"1805\">Et une <strong data-start=\"1726\" data-end=\"1740\">conclusion<\/strong> pour faire de ce plat un incontournable de vos repas \u00e0 la maison<\/p>\n<\/li>\n<\/ul>\n<h3 data-start=\"1812\" data-end=\"1880\"><strong data-start=\"1819\" data-end=\"1880\">Recette compl\u00e8te : C\u00f4telettes de porc \u00e0 la friteuse \u00e0 air<\/strong><\/h3>\n<h3 data-start=\"1882\" data-end=\"1924\"><strong data-start=\"1886\" data-end=\"1924\">Ingr\u00e9dients (pour 2 \u00e0 4 personnes)<\/strong><\/h3>\n<ul data-start=\"1926\" data-end=\"2356\">\n<li data-start=\"1926\" data-end=\"2002\">\n<p data-start=\"1928\" data-end=\"2002\">2 \u00e0 4 c\u00f4telettes de porc (avec ou sans os, environ 1,5 \u00e0 2 cm d\u2019\u00e9paisseur)<\/p>\n<\/li>\n<li data-start=\"2003\" data-end=\"2039\">\n<p data-start=\"2005\" data-end=\"2039\">1 cuill\u00e8re \u00e0 soupe d\u2019huile d\u2019olive<\/p>\n<\/li>\n<li data-start=\"2040\" data-end=\"2083\">\n<p data-start=\"2042\" data-end=\"2083\">1 cuill\u00e8re \u00e0 caf\u00e9 de paprika doux ou fum\u00e9<\/p>\n<\/li>\n<li data-start=\"2084\" data-end=\"2119\">\n<p data-start=\"2086\" data-end=\"2119\">1 cuill\u00e8re \u00e0 caf\u00e9 d\u2019ail en poudre<\/p>\n<\/li>\n<li data-start=\"2120\" data-end=\"2155\">\n<p data-start=\"2122\" data-end=\"2155\">1\/2 cuill\u00e8re \u00e0 caf\u00e9 de thym s\u00e9ch\u00e9<\/p>\n<\/li>\n<li data-start=\"2156\" data-end=\"2188\">\n<p data-start=\"2158\" data-end=\"2188\">1\/2 cuill\u00e8re \u00e0 caf\u00e9 de romarin<\/p>\n<\/li>\n<li data-start=\"2189\" data-end=\"2215\">\n<p data-start=\"2191\" data-end=\"2215\">1 cuill\u00e8re \u00e0 caf\u00e9 de sel<\/p>\n<\/li>\n<li data-start=\"2216\" data-end=\"2270\">\n<p data-start=\"2218\" data-end=\"2270\">1\/2 cuill\u00e8re \u00e0 caf\u00e9 de poivre noir fra\u00eechement moulu<\/p>\n<\/li>\n<li data-start=\"2271\" data-end=\"2298\">\n<p data-start=\"2273\" data-end=\"2298\">Jus de citron (optionnel)<\/p>\n<\/li>\n<li data-start=\"2299\" data-end=\"2356\">\n<p data-start=\"2301\" data-end=\"2356\">Une pinc\u00e9e de sucre ou de miel (pour la caram\u00e9lisation)<\/p>\n<\/li>\n<\/ul>\n<h3 data-start=\"2363\" data-end=\"2392\"><strong data-start=\"2367\" data-end=\"2392\">Mat\u00e9riel n\u00e9cessaire :<\/strong><\/h3>\n<ul data-start=\"2394\" data-end=\"2511\">\n<li data-start=\"2394\" data-end=\"2421\">\n<p data-start=\"2396\" data-end=\"2421\">Airfryer (friteuse \u00e0 air)<\/p>\n<\/li>\n<li data-start=\"2422\" data-end=\"2455\">\n<p data-start=\"2424\" data-end=\"2455\">Petit bol pour l\u2019assaisonnement<\/p>\n<\/li>\n<li data-start=\"2456\" data-end=\"2476\">\n<p data-start=\"2458\" data-end=\"2476\">Pinceau ou spatule<\/p>\n<\/li>\n<li data-start=\"2477\" data-end=\"2511\">\n<p data-start=\"2479\" data-end=\"2511\">Thermom\u00e8tre \u00e0 viande (optionnel)<\/p>\n<\/li>\n<\/ul>\n<h3 data-start=\"2518\" data-end=\"2559\"><strong data-start=\"2528\" data-end=\"2559\">Pr\u00e9paration \u00e9tape par \u00e9tape<\/strong><\/h3>\n<h4 data-start=\"2561\" data-end=\"2596\"><strong data-start=\"2566\" data-end=\"2596\">1. Pr\u00e9parer les c\u00f4telettes<\/strong><\/h4>\n<p data-start=\"2597\" data-end=\"2704\">Sortez les c\u00f4telettes du r\u00e9frig\u00e9rateur <strong data-start=\"2636\" data-end=\"2664\">30 minutes avant cuisson<\/strong> pour les amener \u00e0 temp\u00e9rature ambiante.<\/p>\n<p data-start=\"2706\" data-end=\"2809\">Essuyez-les l\u00e9g\u00e8rement avec du papier absorbant. Cela aide \u00e0 obtenir une belle coloration \u00e0 la cuisson.<\/p>\n<h4 data-start=\"2811\" data-end=\"2848\"><strong data-start=\"2816\" data-end=\"2848\">2. Pr\u00e9parer l\u2019assaisonnement<\/strong><\/h4>\n<p data-start=\"2849\" data-end=\"2872\">Dans un bol, m\u00e9langez :<\/p>\n<ul data-start=\"2873\" data-end=\"2996\">\n<li data-start=\"2873\" data-end=\"2885\">\n<p data-start=\"2875\" data-end=\"2885\">Le paprika<\/p>\n<\/li>\n<li data-start=\"2886\" data-end=\"2903\">\n<p data-start=\"2888\" data-end=\"2903\">L\u2019ail en poudre<\/p>\n<\/li>\n<li data-start=\"2904\" data-end=\"2913\">\n<p data-start=\"2906\" data-end=\"2913\">Le thym<\/p>\n<\/li>\n<li data-start=\"2914\" data-end=\"2926\">\n<p data-start=\"2916\" data-end=\"2926\">Le romarin<\/p>\n<\/li>\n<li data-start=\"2927\" data-end=\"2946\">\n<p data-start=\"2929\" data-end=\"2946\">Le sel, le poivre<\/p>\n<\/li>\n<li data-start=\"2947\" data-end=\"2996\">\n<p data-start=\"2949\" data-end=\"2996\">Une pinc\u00e9e de sucre ou quelques gouttes de miel<\/p>\n<\/li>\n<\/ul>\n<p data-start=\"2998\" data-end=\"3042\">Ajoutez l\u2019huile d\u2019olive pour cr\u00e9er une p\u00e2te.<\/p>\n<p data-start=\"3044\" data-end=\"3141\">\ud83d\udca1 <strong data-start=\"3047\" data-end=\"3059\">Astuce :<\/strong> Vous pouvez ajouter quelques gouttes de jus de citron pour une note plus fra\u00eeche.<\/p>\n<h4 data-start=\"3143\" data-end=\"3181\"><strong data-start=\"3148\" data-end=\"3181\">3. Assaisonner les c\u00f4telettes<\/strong><\/h4>\n<p data-start=\"3182\" data-end=\"3379\">Massez chaque c\u00f4telette avec l\u2019assaisonnement, des deux c\u00f4t\u00e9s. Laissez reposer <strong data-start=\"3261\" data-end=\"3280\">10 \u00e0 15 minutes<\/strong> pour bien faire p\u00e9n\u00e9trer les saveurs (ou jusqu\u2019\u00e0 2 heures au frais pour une marinade plus longue).<\/p>\n<h4 data-start=\"3381\" data-end=\"3423\"><strong data-start=\"3386\" data-end=\"3423\">4. Cuisson dans la friteuse \u00e0 air<\/strong><\/h4>\n<p data-start=\"3424\" data-end=\"3482\">Pr\u00e9chauffez votre air fryer \u00e0 <strong data-start=\"3454\" data-end=\"3481\">200\u00b0C pendant 3 minutes<\/strong>.<\/p>\n<p data-start=\"3484\" data-end=\"3560\">Placez les c\u00f4telettes dans le panier <strong data-start=\"3521\" data-end=\"3544\">sans les superposer<\/strong>. Faites cuire :<\/p>\n<ul data-start=\"3561\" data-end=\"3682\">\n<li data-start=\"3561\" data-end=\"3615\">\n<p data-start=\"3563\" data-end=\"3615\"><strong data-start=\"3563\" data-end=\"3581\">8 \u00e0 10 minutes<\/strong>, en les retournant \u00e0 mi-cuisson<\/p>\n<\/li>\n<li data-start=\"3616\" data-end=\"3682\">\n<p data-start=\"3618\" data-end=\"3682\">Pour des c\u00f4telettes avec os : comptez plut\u00f4t <strong data-start=\"3663\" data-end=\"3682\">10 \u00e0 12 minutes<\/strong><\/p>\n<\/li>\n<\/ul>\n<p data-start=\"3684\" data-end=\"3892\">\ud83d\udca1 Utilisez un <strong data-start=\"3699\" data-end=\"3725\">thermom\u00e8tre de cuisson<\/strong> : la temp\u00e9rature interne id\u00e9ale est <strong data-start=\"3762\" data-end=\"3770\">63\u00b0C<\/strong>. Laissez reposer ensuite quelques minutes (la temp\u00e9rature montera \u00e0 65\u00b0C, id\u00e9ale pour un porc juteux et s\u00fbr \u00e0 consommer).<\/p>\n<h3 data-start=\"3899\" data-end=\"3926\"><strong data-start=\"3906\" data-end=\"3926\">Repos et service<\/strong><\/h3>\n<p data-start=\"3927\" data-end=\"4068\">Laissez reposer les c\u00f4telettes 3 \u00e0 5 minutes avant de servir. Cela permet aux jus de se r\u00e9partir dans la viande, ce qui am\u00e9liore la tendret\u00e9.<\/p>\n<p data-start=\"4070\" data-end=\"4142\">Servez avec une petite cuill\u00e8re de jus de cuisson ou un filet de citron.<\/p>\n<h3 data-start=\"4149\" data-end=\"4206\"><strong data-start=\"4155\" data-end=\"4206\">Variantes d\u2019assaisonnements pour vos c\u00f4telettes<\/strong><\/h3>\n<h3 data-start=\"4208\" data-end=\"4234\">\ud83c\udf6f <strong data-start=\"4215\" data-end=\"4234\">Miel &amp; moutarde<\/strong><\/h3>\n<ul data-start=\"4235\" data-end=\"4379\">\n<li data-start=\"4235\" data-end=\"4273\">\n<p data-start=\"4237\" data-end=\"4273\">1 cuill\u00e8re \u00e0 soupe de moutarde douce<\/p>\n<\/li>\n<li data-start=\"4274\" data-end=\"4302\">\n<p data-start=\"4276\" data-end=\"4302\">1 cuill\u00e8re \u00e0 soupe de miel<\/p>\n<\/li>\n<li data-start=\"4303\" data-end=\"4321\">\n<p data-start=\"4305\" data-end=\"4321\">Ail, sel, poivre<\/p>\n<\/li>\n<li data-start=\"4322\" data-end=\"4379\">\n<p data-start=\"4324\" data-end=\"4379\">R\u00e9sultat : sucr\u00e9-sal\u00e9, parfait avec des l\u00e9gumes grill\u00e9s<\/p>\n<\/li>\n<\/ul>\n<h3 data-start=\"4381\" data-end=\"4409\">\ud83c\udf5b <strong data-start=\"4388\" data-end=\"4409\">\u00c9pices orientales<\/strong><\/h3>\n<ul data-start=\"4410\" data-end=\"4523\">\n<li data-start=\"4410\" data-end=\"4447\">\n<p data-start=\"4412\" data-end=\"4447\">Cumin, coriandre, cannelle, paprika<\/p>\n<\/li>\n<li data-start=\"4448\" data-end=\"4466\">\n<p data-start=\"4450\" data-end=\"4466\">Ail et gingembre<\/p>\n<\/li>\n<li data-start=\"4467\" data-end=\"4523\">\n<p data-start=\"4469\" data-end=\"4523\">Option : yaourt dans la marinade pour plus de tendret\u00e9<\/p>\n<\/li>\n<\/ul>\n<h3 data-start=\"4525\" data-end=\"4548\">\ud83e\uddc4 <strong data-start=\"4532\" data-end=\"4548\">Herbes &amp; ail<\/strong><\/h3>\n<ul data-start=\"4549\" data-end=\"4653\">\n<li data-start=\"4549\" data-end=\"4591\">\n<p data-start=\"4551\" data-end=\"4591\">Persil, origan, ail hach\u00e9, huile d\u2019olive<\/p>\n<\/li>\n<li data-start=\"4592\" data-end=\"4653\">\n<p data-start=\"4594\" data-end=\"4653\">Une touche de vinaigre balsamique pour une marinade express<\/p>\n<\/li>\n<\/ul>\n<h3 data-start=\"4655\" data-end=\"4690\">\ud83c\udf4b <strong data-start=\"4662\" data-end=\"4690\">Citron &amp; herbes fra\u00eeches<\/strong><\/h3>\n<ul data-start=\"4691\" data-end=\"4778\">\n<li data-start=\"4691\" data-end=\"4732\">\n<p data-start=\"4693\" data-end=\"4732\">Jus de citron, thym, ail, huile d\u2019olive<\/p>\n<\/li>\n<li data-start=\"4733\" data-end=\"4778\">\n<p data-start=\"4735\" data-end=\"4778\">Parfait pour une version l\u00e9g\u00e8re et estivale<\/p>\n<\/li>\n<\/ul>\n<h3 data-start=\"4780\" data-end=\"4812\">\ud83c\udf36\ufe0f <strong data-start=\"4788\" data-end=\"4812\">\u00c9pic\u00e9e fa\u00e7on tex-mex<\/strong><\/h3>\n<ul data-start=\"4813\" data-end=\"4910\">\n<li data-start=\"4813\" data-end=\"4857\">\n<p data-start=\"4815\" data-end=\"4857\">Paprika fum\u00e9, piment, cumin, ail en poudre<\/p>\n<\/li>\n<li data-start=\"4858\" data-end=\"4910\">\n<p data-start=\"4860\" data-end=\"4910\">Un peu de sucre brun pour caram\u00e9liser \u00e0 la cuisson<\/p>\n<\/li>\n<\/ul>\n<h3 data-start=\"4917\" data-end=\"4960\"><strong data-start=\"4923\" data-end=\"4960\">Id\u00e9es d\u2019accompagnements savoureux<\/strong><\/h3>\n<h3 data-start=\"4962\" data-end=\"4998\">\ud83e\udd54 <strong data-start=\"4969\" data-end=\"4998\">Frites ou pommes de terre<\/strong><\/h3>\n<ul data-start=\"4999\" data-end=\"5096\">\n<li data-start=\"4999\" data-end=\"5029\">\n<p data-start=\"5001\" data-end=\"5029\">Frites maison \u00e0 l\u2019Airfryer<\/p>\n<\/li>\n<li data-start=\"5030\" data-end=\"5070\">\n<p data-start=\"5032\" data-end=\"5070\">Pommes de terre grenaille au romarin<\/p>\n<\/li>\n<li data-start=\"5071\" data-end=\"5096\">\n<p data-start=\"5073\" data-end=\"5096\">Pur\u00e9e de patates douces<\/p>\n<\/li>\n<\/ul>\n<h3 data-start=\"5098\" data-end=\"5116\">\ud83e\udd6c <strong data-start=\"5105\" data-end=\"5116\">L\u00e9gumes<\/strong><\/h3>\n<ul data-start=\"5117\" data-end=\"5216\">\n<li data-start=\"5117\" data-end=\"5150\">\n<p data-start=\"5119\" data-end=\"5150\">Haricots verts saut\u00e9s \u00e0 l\u2019ail<\/p>\n<\/li>\n<li data-start=\"5151\" data-end=\"5170\">\n<p data-start=\"5153\" data-end=\"5170\">Brocolis vapeur<\/p>\n<\/li>\n<li data-start=\"5171\" data-end=\"5216\">\n<p data-start=\"5173\" data-end=\"5216\">Ratatouille ou l\u00e9gumes grill\u00e9s \u00e0 l\u2019Airfryer<\/p>\n<\/li>\n<\/ul>\n<h3 data-start=\"5218\" data-end=\"5253\">\ud83c\udf5a <strong data-start=\"5225\" data-end=\"5253\">C\u00e9r\u00e9ales et l\u00e9gumineuses<\/strong><\/h3>\n<ul data-start=\"5254\" data-end=\"5333\">\n<li data-start=\"5254\" data-end=\"5280\">\n<p data-start=\"5256\" data-end=\"5280\">Riz basmati aux herbes<\/p>\n<\/li>\n<li data-start=\"5281\" data-end=\"5312\">\n<p data-start=\"5283\" data-end=\"5312\">Lentilles vertes vinaigr\u00e9es<\/p>\n<\/li>\n<li data-start=\"5313\" data-end=\"5333\">\n<p data-start=\"5315\" data-end=\"5333\">Quinoa \u00e0 la tomate<\/p>\n<\/li>\n<\/ul>\n<h3 data-start=\"5335\" data-end=\"5362\">\ud83e\udd57 <strong data-start=\"5342\" data-end=\"5362\">Salades fra\u00eeches<\/strong><\/h3>\n<ul data-start=\"5363\" data-end=\"5476\">\n<li data-start=\"5363\" data-end=\"5414\">\n<p data-start=\"5365\" data-end=\"5414\">Salade de roquette, tomates cerises et parmesan<\/p>\n<\/li>\n<li data-start=\"5415\" data-end=\"5434\">\n<p data-start=\"5417\" data-end=\"5434\">Coleslaw maison<\/p>\n<\/li>\n<li data-start=\"5435\" data-end=\"5476\">\n<p data-start=\"5437\" data-end=\"5476\">Salade de chou rouge et carottes r\u00e2p\u00e9es<\/p>\n<\/li>\n<\/ul>\n<h3 data-start=\"5483\" data-end=\"5584\"><strong data-start=\"5489\" data-end=\"5584\">Valeurs nutritionnelles moyennes (pour 1 c\u00f4telette assaisonn\u00e9e sans mati\u00e8re grasse ajout\u00e9e)<\/strong><\/h3>\n<ul data-start=\"5586\" data-end=\"5679\">\n<li data-start=\"5586\" data-end=\"5613\">\n<p data-start=\"5588\" data-end=\"5613\">Calories : 220\u2013280 kcal<\/p>\n<\/li>\n<li data-start=\"5614\" data-end=\"5637\">\n<p data-start=\"5616\" data-end=\"5637\">Prot\u00e9ines : 25\u201330 g<\/p>\n<\/li>\n<li data-start=\"5638\" data-end=\"5659\">\n<p data-start=\"5640\" data-end=\"5659\">Lipides : 12\u201315 g<\/p>\n<\/li>\n<li data-start=\"5660\" data-end=\"5679\">\n<p data-start=\"5662\" data-end=\"5679\">Glucides : &lt;2 g<\/p>\n<\/li>\n<\/ul>\n<p data-start=\"5681\" data-end=\"5770\">Id\u00e9al pour une alimentation riche en prot\u00e9ines, faible en glucides, et pleine de saveurs.<\/p>\n<h3 data-start=\"5777\" data-end=\"5811\"><strong data-start=\"5782\" data-end=\"5811\">Foire aux questions (FAQ)<\/strong><\/h3>\n<h3 data-start=\"5813\" data-end=\"5870\"><strong data-start=\"5817\" data-end=\"5870\">Faut-il utiliser des c\u00f4telettes avec ou sans os ?<\/strong><\/h3>\n<p data-start=\"5871\" data-end=\"5970\">Les deux fonctionnent, mais les <strong data-start=\"5903\" data-end=\"5925\">c\u00f4telettes avec os<\/strong> sont souvent <strong data-start=\"5939\" data-end=\"5956\">plus juteuses<\/strong> \u00e0 la cuisson.<\/p>\n<h3 data-start=\"5972\" data-end=\"6013\"><strong data-start=\"5976\" data-end=\"6013\">Peut-on faire mariner la veille ?<\/strong><\/h3>\n<p data-start=\"6014\" data-end=\"6088\">Oui ! Une <strong data-start=\"6024\" data-end=\"6044\">nuit de marinade<\/strong> apporte encore plus de tendret\u00e9 et de go\u00fbt.<\/p>\n<h3 data-start=\"6090\" data-end=\"6133\"><strong data-start=\"6094\" data-end=\"6133\">Comment savoir si c\u2019est bien cuit ?<\/strong><\/h3>\n<p data-start=\"6134\" data-end=\"6230\">Utilisez un thermom\u00e8tre de cuisine ou v\u00e9rifiez que le jus qui s\u2019\u00e9chappe est <strong data-start=\"6210\" data-end=\"6219\">clair<\/strong>, non ros\u00e9.<\/p>\n<h3 data-start=\"6232\" data-end=\"6286\"><strong data-start=\"6236\" data-end=\"6286\">Peut-on congeler les c\u00f4telettes assaisonn\u00e9es ?<\/strong><\/h3>\n<p data-start=\"6287\" data-end=\"6379\">Oui. Vous pouvez les pr\u00e9parer \u00e0 l\u2019avance, les congeler et les cuire directement d\u00e9congel\u00e9es.<\/p>\n<h3 data-start=\"6386\" data-end=\"6459\"><strong data-start=\"6392\" data-end=\"6459\">Pourquoi cuire les c\u00f4telettes de porc dans une friteuse \u00e0 air ?<\/strong><\/h3>\n<h3 data-start=\"6461\" data-end=\"6478\">\u23f1\ufe0f <strong data-start=\"6468\" data-end=\"6478\">Rapide<\/strong><\/h3>\n<p data-start=\"6479\" data-end=\"6510\">Cuisson en moins de 15 minutes.<\/p>\n<h3 data-start=\"6512\" data-end=\"6532\">\ud83c\udf3f <strong data-start=\"6519\" data-end=\"6532\">Plus sain<\/strong><\/h3>\n<p data-start=\"6533\" data-end=\"6586\">Moins de mati\u00e8res grasses que la po\u00eale ou la friture.<\/p>\n<h3 data-start=\"6588\" data-end=\"6620\">\ud83d\udd25 <strong data-start=\"6595\" data-end=\"6620\">Croustillant &amp; juteux<\/strong><\/h3>\n<p data-start=\"6621\" data-end=\"6670\">L\u2019ext\u00e9rieur caram\u00e9lise, l\u2019int\u00e9rieur reste tendre.<\/p>\n<h3 data-start=\"6672\" data-end=\"6700\">\ud83e\uddfd <strong data-start=\"6679\" data-end=\"6700\">Facile \u00e0 nettoyer<\/strong><\/h3>\n<p data-start=\"6701\" data-end=\"6740\">Moins de projections, nettoyage rapide.<\/p>\n<h3 data-start=\"6742\" data-end=\"6770\">\ud83d\udc4c <strong data-start=\"6749\" data-end=\"6770\">R\u00e9sultat constant<\/strong><\/h3>\n<p data-start=\"6771\" data-end=\"6838\">Gr\u00e2ce \u00e0 la chaleur circulante, les c\u00f4telettes cuisent uniform\u00e9ment.<\/p>\n<h3 data-start=\"6845\" data-end=\"6882\"><strong data-start=\"6850\" data-end=\"6882\">R\u00e9sum\u00e9 express de la recette<\/strong><\/h3>\n<ol data-start=\"6884\" data-end=\"7118\">\n<li data-start=\"6884\" data-end=\"6931\">\n<p data-start=\"6887\" data-end=\"6931\"><strong data-start=\"6887\" data-end=\"6912\">Sortir les c\u00f4telettes<\/strong> 30 minutes avant<\/p>\n<\/li>\n<li data-start=\"6932\" data-end=\"6983\">\n<p data-start=\"6935\" data-end=\"6983\"><strong data-start=\"6935\" data-end=\"6964\">Pr\u00e9parer l\u2019assaisonnement<\/strong> (\u00e9pices + huile)<\/p>\n<\/li>\n<li data-start=\"6984\" data-end=\"7019\">\n<p data-start=\"6987\" data-end=\"7019\"><strong data-start=\"6987\" data-end=\"7002\">Badigeonner<\/strong> les c\u00f4telettes<\/p>\n<\/li>\n<li data-start=\"7020\" data-end=\"7076\">\n<p data-start=\"7023\" data-end=\"7076\"><strong data-start=\"7023\" data-end=\"7055\">Cuire \u00e0 200\u00b0C pendant 10 min<\/strong>, en les retournant<\/p>\n<\/li>\n<li data-start=\"7077\" data-end=\"7118\">\n<p data-start=\"7080\" data-end=\"7118\"><strong data-start=\"7080\" data-end=\"7099\">Laisser reposer<\/strong>, puis servir chaud<\/p>\n<\/li>\n<\/ol>\n<h3 data-start=\"7125\" data-end=\"7198\"><strong data-start=\"7131\" data-end=\"7198\">Conclusion : Red\u00e9couvrez les c\u00f4telettes de porc avec l\u2019Airfryer<\/strong><\/h3>\n<p data-start=\"7200\" data-end=\"7488\">Les <strong data-start=\"7204\" data-end=\"7246\">c\u00f4telettes de porc \u00e0 la friteuse \u00e0 air<\/strong>, bien assaisonn\u00e9es et correctement cuites, deviennent un plat <strong data-start=\"7309\" data-end=\"7353\">simple, savoureux, et r\u00e9solument moderne<\/strong>. En quelques minutes seulement, vous obtenez une viande tendre, parfum\u00e9e, dor\u00e9e \u00e0 souhait, sans exc\u00e8s de gras ni vaisselle compliqu\u00e9e.<\/p>\n<p data-start=\"7490\" data-end=\"7645\">Ce plat s\u2019adapte \u00e0 toutes les occasions : un repas rapide de semaine, un d\u00eener entre amis, ou m\u00eame une alternative originale pour un barbecue en int\u00e9rieur.<\/p>\n<p data-start=\"7647\" data-end=\"7830\">Et surtout, la friteuse \u00e0 air vous permet de ma\u00eetriser chaque \u00e9tape de la cuisson, d\u2019\u00e9viter les erreurs classiques, et de jouer avec les <strong data-start=\"7784\" data-end=\"7829\">assaisonnements selon votre envie du jour<\/strong>.<\/p>\n<p data-start=\"7832\" data-end=\"7992\">Alors n\u2019attendez plus : <strong data-start=\"7856\" data-end=\"7992\">sortez vos c\u00f4telettes, ouvrez votre Airfryer, et savourez le plaisir d\u2019une viande juteuse parfaitement cuite&#8230; en toute simplicit\u00e9.<\/strong><\/p>\n","protected":false},"excerpt":{"rendered":"<p>C\u00f4telettes de porc \u00e0 la friteuse \u00e0 air : tendres, juteuses et parfaitement assaisonn\u00e9es Introduction : La friteuse \u00e0 air, alli\u00e9e des viandes savoureuses et l\u00e9g\u00e8res Pendant longtemps, les c\u00f4telettes &#8230; <\/p>\n<p class=\"read-more-container\"><a title=\"C\u00f4telettes de porc \u00e0 la friteuse \u00e0 air\" class=\"read-more button\" href=\"https:\/\/airfryerchickenwings.com\/fr\/cotelettes-de-porc-a-la-friteuse-a-air\/#more-71\" aria-label=\"En savoir plus sur C\u00f4telettes de porc \u00e0 la friteuse \u00e0 air\">Read more<\/a><\/p>\n","protected":false},"author":1,"featured_media":72,"comment_status":"open","ping_status":"open","sticky":false,"template":"","format":"standard","meta":{"footnotes":""},"categories":[4],"tags":[],"class_list":["post-71","post","type-post","status-publish","format-standard","has-post-thumbnail","hentry","category-friteuse-a-air","generate-columns","tablet-grid-50","mobile-grid-100","grid-parent","grid-50","no-featured-image-padding"],"_links":{"self":[{"href":"https:\/\/airfryerchickenwings.com\/fr\/wp-json\/wp\/v2\/posts\/71","targetHints":{"allow":["GET"]}}],"collection":[{"href":"https:\/\/airfryerchickenwings.com\/fr\/wp-json\/wp\/v2\/posts"}],"about":[{"href":"https:\/\/airfryerchickenwings.com\/fr\/wp-json\/wp\/v2\/types\/post"}],"author":[{"embeddable":true,"href":"https:\/\/airfryerchickenwings.com\/fr\/wp-json\/wp\/v2\/users\/1"}],"replies":[{"embeddable":true,"href":"https:\/\/airfryerchickenwings.com\/fr\/wp-json\/wp\/v2\/comments?post=71"}],"version-history":[{"count":1,"href":"https:\/\/airfryerchickenwings.com\/fr\/wp-json\/wp\/v2\/posts\/71\/revisions"}],"predecessor-version":[{"id":73,"href":"https:\/\/airfryerchickenwings.com\/fr\/wp-json\/wp\/v2\/posts\/71\/revisions\/73"}],"wp:featuredmedia":[{"embeddable":true,"href":"https:\/\/airfryerchickenwings.com\/fr\/wp-json\/wp\/v2\/media\/72"}],"wp:attachment":[{"href":"https:\/\/airfryerchickenwings.com\/fr\/wp-json\/wp\/v2\/media?parent=71"}],"wp:term":[{"taxonomy":"category","embeddable":true,"href":"https:\/\/airfryerchickenwings.com\/fr\/wp-json\/wp\/v2\/categories?post=71"},{"taxonomy":"post_tag","embeddable":true,"href":"https:\/\/airfryerchickenwings.com\/fr\/wp-json\/wp\/v2\/tags?post=71"}],"curies":[{"name":"wp","href":"https:\/\/api.w.org\/{rel}","templated":true}]}}