{"id":74,"date":"2025-05-24T11:31:12","date_gmt":"2025-05-24T11:31:12","guid":{"rendered":"https:\/\/airfryerchickenwings.com\/fr\/?p=74"},"modified":"2025-05-24T11:31:12","modified_gmt":"2025-05-24T11:31:12","slug":"camembert-a-lail-pain-a-lail-et-tomates-cerises","status":"publish","type":"post","link":"https:\/\/airfryerchickenwings.com\/fr\/camembert-a-lail-pain-a-lail-et-tomates-cerises\/","title":{"rendered":"Camembert \u00e0 l\u2019ail, pain \u00e0 l\u2019ail et tomates cerises"},"content":{"rendered":"<h2 data-start=\"376\" data-end=\"515\"><strong data-start=\"385\" data-end=\"515\">Recette de Camembert marqu\u00e9 \u00e0 l&rsquo;ail, baguette \u00e0 l&rsquo;ail et tomates cerises r\u00f4ties : un trio irr\u00e9sistible au four ou \u00e0 l\u2019Airfryer<\/strong><\/h2>\n<h3 data-start=\"517\" data-end=\"581\"><strong data-start=\"520\" data-end=\"581\">Introduction : L\u2019\u00e9l\u00e9gance du fromage fondu \u00e0 la fran\u00e7aise<\/strong><\/h3>\n<p data-start=\"583\" data-end=\"965\">Il existe peu de plaisirs culinaires aussi simples et d\u00e9licieux que de plonger un morceau de pain croustillant dans un fromage coulant, chaud et parfum\u00e9. Et s\u2019il y a bien un fromage qui incarne cette exp\u00e9rience gourmande, c\u2019est le <strong data-start=\"814\" data-end=\"827\">Camembert<\/strong>. Originaire de Normandie, ce fromage \u00e0 p\u00e2te molle et \u00e0 cro\u00fbte fleurie s\u00e9duit par sa texture cr\u00e9meuse et son go\u00fbt prononc\u00e9 mais \u00e9quilibr\u00e9.<\/p>\n<p data-start=\"967\" data-end=\"1062\">Aujourd\u2019hui, nous vous proposons une version <strong data-start=\"1012\" data-end=\"1042\">revisit\u00e9e et spectaculaire<\/strong> de ce classique :<\/p>\n<ul data-start=\"1063\" data-end=\"1418\">\n<li data-start=\"1063\" data-end=\"1192\">\n<p data-start=\"1065\" data-end=\"1192\"><strong data-start=\"1065\" data-end=\"1088\">Un Camembert entier<\/strong>, incis\u00e9 et parfum\u00e9 \u00e0 l\u2019<strong data-start=\"1112\" data-end=\"1133\">ail et aux herbes<\/strong>, cuit doucement jusqu\u2019\u00e0 devenir <strong data-start=\"1166\" data-end=\"1190\">fondant et savoureux<\/strong><\/p>\n<\/li>\n<li data-start=\"1193\" data-end=\"1294\">\n<p data-start=\"1195\" data-end=\"1294\">Une <strong data-start=\"1199\" data-end=\"1237\">baguette tranch\u00e9e, beurr\u00e9e \u00e0 l\u2019ail<\/strong>, l\u00e9g\u00e8rement toast\u00e9e, pr\u00eate \u00e0 recevoir le fromage chaud<\/p>\n<\/li>\n<li data-start=\"1295\" data-end=\"1418\">\n<p data-start=\"1297\" data-end=\"1418\">Et des <strong data-start=\"1304\" data-end=\"1330\">tomates cerises r\u00f4ties<\/strong>, sucr\u00e9es et acidul\u00e9es, qui viennent apporter fra\u00eecheur et \u00e9quilibre \u00e0 cette composition<\/p>\n<\/li>\n<\/ul>\n<p data-start=\"1420\" data-end=\"1679\">C\u2019est un plat id\u00e9al pour un <strong data-start=\"1448\" data-end=\"1470\">ap\u00e9ritif convivial<\/strong>, une <strong data-start=\"1476\" data-end=\"1498\">entr\u00e9e chaleureuse<\/strong>, ou m\u00eame un <strong data-start=\"1511\" data-end=\"1552\">d\u00eener \u00e0 partager \u00e0 deux ou entre amis<\/strong>. Le tout peut \u00eatre cuit au <strong data-start=\"1580\" data-end=\"1598\">four classique<\/strong> ou \u00e0 la <strong data-start=\"1607\" data-end=\"1636\">friteuse \u00e0 air (Airfryer)<\/strong>, pour une version rapide et croustillante.<\/p>\n<h3 data-start=\"1686\" data-end=\"1768\"><strong data-start=\"1695\" data-end=\"1768\">Recette compl\u00e8te : Camembert \u00e0 l\u2019ail, pain \u00e0 l\u2019ail et tomates cerises<\/strong><\/h3>\n<h3 data-start=\"1770\" data-end=\"1816\">\ud83c\udf7d\ufe0f <strong data-start=\"1778\" data-end=\"1816\">Ingr\u00e9dients (pour 2 \u00e0 4 personnes)<\/strong><\/h3>\n<h4 data-start=\"1818\" data-end=\"1849\">\ud83e\uddc0 <strong data-start=\"1826\" data-end=\"1849\">Pour le Camembert :<\/strong><\/h4>\n<ul data-start=\"1850\" data-end=\"2075\">\n<li data-start=\"1850\" data-end=\"1918\">\n<p data-start=\"1852\" data-end=\"1918\">1 Camembert entier (dans sa bo\u00eete en bois, id\u00e9alement non agraf\u00e9e)<\/p>\n<\/li>\n<li data-start=\"1919\" data-end=\"1936\">\n<p data-start=\"1921\" data-end=\"1936\">2 gousses d\u2019ail<\/p>\n<\/li>\n<li data-start=\"1937\" data-end=\"1973\">\n<p data-start=\"1939\" data-end=\"1973\">1 brin de romarin ou de thym frais<\/p>\n<\/li>\n<li data-start=\"1974\" data-end=\"1993\">\n<p data-start=\"1976\" data-end=\"1993\">Poivre noir moulu<\/p>\n<\/li>\n<li data-start=\"1994\" data-end=\"2019\">\n<p data-start=\"1996\" data-end=\"2019\">1 filet d\u2019huile d\u2019olive<\/p>\n<\/li>\n<li data-start=\"2020\" data-end=\"2075\">\n<p data-start=\"2022\" data-end=\"2075\">Option : quelques gouttes de vin blanc sec ou de miel<\/p>\n<\/li>\n<\/ul>\n<h4 data-start=\"2077\" data-end=\"2115\">\ud83e\udd56 <strong data-start=\"2085\" data-end=\"2115\">Pour la baguette \u00e0 l\u2019ail :<\/strong><\/h4>\n<ul data-start=\"2116\" data-end=\"2258\">\n<li data-start=\"2116\" data-end=\"2160\">\n<p data-start=\"2118\" data-end=\"2160\">1 baguette fra\u00eeche ou \u00bd baguette tradition<\/p>\n<\/li>\n<li data-start=\"2161\" data-end=\"2181\">\n<p data-start=\"2163\" data-end=\"2181\">40 g de beurre mou<\/p>\n<\/li>\n<li data-start=\"2182\" data-end=\"2206\">\n<p data-start=\"2184\" data-end=\"2206\">1 gousse d\u2019ail press\u00e9e<\/p>\n<\/li>\n<li data-start=\"2207\" data-end=\"2238\">\n<p data-start=\"2209\" data-end=\"2238\">Persil hach\u00e9 (frais ou s\u00e9ch\u00e9)<\/p>\n<\/li>\n<li data-start=\"2239\" data-end=\"2258\">\n<p data-start=\"2241\" data-end=\"2258\">Une pinc\u00e9e de sel<\/p>\n<\/li>\n<\/ul>\n<h4 data-start=\"2260\" data-end=\"2305\">\ud83c\udf45 <strong data-start=\"2268\" data-end=\"2305\">Pour les tomates cerises r\u00f4ties :<\/strong><\/h4>\n<ul data-start=\"2306\" data-end=\"2460\">\n<li data-start=\"2306\" data-end=\"2332\">\n<p data-start=\"2308\" data-end=\"2332\">200 g de tomates cerises<\/p>\n<\/li>\n<li data-start=\"2333\" data-end=\"2369\">\n<p data-start=\"2335\" data-end=\"2369\">1 cuill\u00e8re \u00e0 soupe d\u2019huile d\u2019olive<\/p>\n<\/li>\n<li data-start=\"2370\" data-end=\"2389\">\n<p data-start=\"2372\" data-end=\"2389\">1 pinc\u00e9e de sucre<\/p>\n<\/li>\n<li data-start=\"2390\" data-end=\"2407\">\n<p data-start=\"2392\" data-end=\"2407\">1 pinc\u00e9e de sel<\/p>\n<\/li>\n<li data-start=\"2408\" data-end=\"2416\">\n<p data-start=\"2410\" data-end=\"2416\">Poivre<\/p>\n<\/li>\n<li data-start=\"2417\" data-end=\"2460\">\n<p data-start=\"2419\" data-end=\"2460\">Option : herbes de Provence ou balsamique<\/p>\n<\/li>\n<\/ul>\n<h3 data-start=\"2467\" data-end=\"2499\"><strong data-start=\"2474\" data-end=\"2499\">Mat\u00e9riel n\u00e9cessaire :<\/strong><\/h3>\n<ul data-start=\"2500\" data-end=\"2612\">\n<li data-start=\"2500\" data-end=\"2518\">\n<p data-start=\"2502\" data-end=\"2518\">Four ou Airfryer<\/p>\n<\/li>\n<li data-start=\"2519\" data-end=\"2548\">\n<p data-start=\"2521\" data-end=\"2548\">Papier cuisson ou aluminium<\/p>\n<\/li>\n<li data-start=\"2549\" data-end=\"2570\">\n<p data-start=\"2551\" data-end=\"2570\">Couteau \u00e0 lame fine<\/p>\n<\/li>\n<li data-start=\"2571\" data-end=\"2595\">\n<p data-start=\"2573\" data-end=\"2595\">Petit plat ou ramequin<\/p>\n<\/li>\n<li data-start=\"2596\" data-end=\"2612\">\n<p data-start=\"2598\" data-end=\"2612\">Bol et pinceau<\/p>\n<\/li>\n<\/ul>\n<h2 data-start=\"2619\" data-end=\"2665\"><strong data-start=\"2629\" data-end=\"2665\">\u00c9tapes de pr\u00e9paration d\u00e9taill\u00e9es<\/strong><\/h2>\n<h3 data-start=\"2667\" data-end=\"2720\">\ud83e\uddc0 <strong data-start=\"2674\" data-end=\"2720\">1. Pr\u00e9paration du Camembert marqu\u00e9 \u00e0 l\u2019ail<\/strong><\/h3>\n<ol data-start=\"2722\" data-end=\"3276\">\n<li data-start=\"2722\" data-end=\"2873\">\n<p data-start=\"2725\" data-end=\"2873\">Sortez le Camembert de son emballage plastique, replacez-le dans sa bo\u00eete en bois (ou mettez-le dans un petit ramequin si vous n\u2019avez pas de bo\u00eete).<\/p>\n<\/li>\n<li data-start=\"2874\" data-end=\"2962\">\n<p data-start=\"2877\" data-end=\"2962\">\u00c0 l\u2019aide d\u2019un couteau bien aiguis\u00e9, <strong data-start=\"2913\" data-end=\"2961\">incisez la surface du fromage en croisillons<\/strong>.<\/p>\n<\/li>\n<li data-start=\"2963\" data-end=\"3023\">\n<p data-start=\"2966\" data-end=\"3023\">Glissez des <strong data-start=\"2978\" data-end=\"3003\">petits morceaux d\u2019ail<\/strong> dans les incisions.<\/p>\n<\/li>\n<li data-start=\"3024\" data-end=\"3107\">\n<p data-start=\"3027\" data-end=\"3107\">Ajoutez des <strong data-start=\"3039\" data-end=\"3087\">feuilles de thym ou des aiguilles de romarin<\/strong> dans les entailles.<\/p>\n<\/li>\n<li data-start=\"3108\" data-end=\"3225\">\n<p data-start=\"3111\" data-end=\"3225\">Poivrez, puis arrosez d\u2019un <strong data-start=\"3138\" data-end=\"3163\">filet d\u2019huile d\u2019olive<\/strong> (ou quelques gouttes de vin blanc ou miel pour les amateurs).<\/p>\n<\/li>\n<li data-start=\"3226\" data-end=\"3276\">\n<p data-start=\"3229\" data-end=\"3276\">Fermez la bo\u00eete ou couvrez de papier aluminium.<\/p>\n<\/li>\n<\/ol>\n<blockquote data-start=\"3278\" data-end=\"3392\">\n<p data-start=\"3280\" data-end=\"3392\">\ud83d\udca1 <strong data-start=\"3283\" data-end=\"3295\">Astuce :<\/strong> Vous pouvez ajouter des noix concass\u00e9es ou des tranches de figues pour une version sucr\u00e9e-sal\u00e9e.<\/p>\n<\/blockquote>\n<h3 data-start=\"3399\" data-end=\"3447\"><strong data-start=\"3406\" data-end=\"3447\">2. Pr\u00e9paration de la baguette \u00e0 l\u2019ail<\/strong><\/h3>\n<ol data-start=\"3449\" data-end=\"3751\">\n<li data-start=\"3449\" data-end=\"3516\">\n<p data-start=\"3452\" data-end=\"3516\">Coupez la baguette en tranches <strong data-start=\"3483\" data-end=\"3515\">d\u2019environ 1,5 cm d\u2019\u00e9paisseur<\/strong>.<\/p>\n<\/li>\n<li data-start=\"3517\" data-end=\"3615\">\n<p data-start=\"3520\" data-end=\"3615\">Dans un bol, m\u00e9langez le <strong data-start=\"3545\" data-end=\"3559\">beurre mou<\/strong>, l\u2019<strong data-start=\"3563\" data-end=\"3577\">ail press\u00e9<\/strong>, le <strong data-start=\"3582\" data-end=\"3592\">persil<\/strong>, et une pinc\u00e9e de sel.<\/p>\n<\/li>\n<li data-start=\"3616\" data-end=\"3678\">\n<p data-start=\"3619\" data-end=\"3678\">Tartinez chaque tranche avec ce <strong data-start=\"3651\" data-end=\"3677\">beurre \u00e0 l\u2019ail parfum\u00e9<\/strong>.<\/p>\n<\/li>\n<li data-start=\"3679\" data-end=\"3751\">\n<p data-start=\"3682\" data-end=\"3751\">Disposez les tranches sur une plaque ou dans le panier de l\u2019Airfryer.<\/p>\n<\/li>\n<\/ol>\n<h3 data-start=\"3758\" data-end=\"3810\"><strong data-start=\"3765\" data-end=\"3810\">3. Pr\u00e9paration des tomates cerises r\u00f4ties<\/strong><\/h3>\n<ol data-start=\"3812\" data-end=\"4075\">\n<li data-start=\"3812\" data-end=\"3850\">\n<p data-start=\"3815\" data-end=\"3850\">Coupez les tomates cerises en deux.<\/p>\n<\/li>\n<li data-start=\"3851\" data-end=\"4020\">\n<p data-start=\"3854\" data-end=\"4020\">Placez-les dans un bol, ajoutez l\u2019<strong data-start=\"3888\" data-end=\"3905\">huile d\u2019olive<\/strong>, le <strong data-start=\"3910\" data-end=\"3917\">sel<\/strong>, le <strong data-start=\"3922\" data-end=\"3931\">sucre<\/strong>, le <strong data-start=\"3936\" data-end=\"3946\">poivre<\/strong>, et \u00e9ventuellement un peu d\u2019herbes de Provence ou de vinaigre balsamique.<\/p>\n<\/li>\n<li data-start=\"4021\" data-end=\"4075\">\n<p data-start=\"4024\" data-end=\"4075\">\u00c9talez sur une plaque recouverte de papier cuisson.<\/p>\n<\/li>\n<\/ol>\n<h2 data-start=\"4082\" data-end=\"4123\"><strong data-start=\"4088\" data-end=\"4123\">Cuisson au four ou \u00e0 l\u2019Airfryer<\/strong><\/h2>\n<h3 data-start=\"4125\" data-end=\"4161\">\ud83e\uddd1\u200d\ud83c\udf73 <strong data-start=\"4135\" data-end=\"4161\">Au four traditionnel :<\/strong><\/h3>\n<ol data-start=\"4163\" data-end=\"4463\">\n<li data-start=\"4163\" data-end=\"4198\">\n<p data-start=\"4166\" data-end=\"4198\"><strong data-start=\"4166\" data-end=\"4198\">Pr\u00e9chauffez le four \u00e0 180\u00b0C.<\/strong><\/p>\n<\/li>\n<li data-start=\"4199\" data-end=\"4463\">\n<p data-start=\"4202\" data-end=\"4213\">Enfournez :<\/p>\n<ul data-start=\"4217\" data-end=\"4463\">\n<li data-start=\"4217\" data-end=\"4300\">\n<p data-start=\"4219\" data-end=\"4300\">Le <strong data-start=\"4222\" data-end=\"4235\">Camembert<\/strong> (dans sa bo\u00eete ou un ramequin couvert) pour <strong data-start=\"4280\" data-end=\"4299\">15 \u00e0 20 minutes<\/strong>.<\/p>\n<\/li>\n<li data-start=\"4304\" data-end=\"4372\">\n<p data-start=\"4306\" data-end=\"4372\">Les <strong data-start=\"4310\" data-end=\"4329\">tomates cerises<\/strong> en m\u00eame temps pour environ <strong data-start=\"4357\" data-end=\"4371\">15 minutes<\/strong>.<\/p>\n<\/li>\n<li data-start=\"4376\" data-end=\"4463\">\n<p data-start=\"4378\" data-end=\"4463\">La <strong data-start=\"4381\" data-end=\"4393\">baguette<\/strong> pendant les <strong data-start=\"4406\" data-end=\"4430\">10 derni\u00e8res minutes<\/strong> (jusqu\u2019\u00e0 ce qu\u2019elle soit dor\u00e9e).<\/p>\n<\/li>\n<\/ul>\n<\/li>\n<\/ol>\n<h3 data-start=\"4465\" data-end=\"4511\">\ud83e\uddd1\u200d\ud83c\udf73 <strong data-start=\"4475\" data-end=\"4511\">\u00c0 la friteuse \u00e0 air (Airfryer) :<\/strong><\/h3>\n<ol data-start=\"4513\" data-end=\"4928\">\n<li data-start=\"4513\" data-end=\"4569\">\n<p data-start=\"4516\" data-end=\"4569\"><strong data-start=\"4516\" data-end=\"4569\">Pr\u00e9chauffez l\u2019Airfryer \u00e0 180\u00b0C pendant 3 minutes.<\/strong><\/p>\n<\/li>\n<li data-start=\"4570\" data-end=\"4672\">\n<p data-start=\"4573\" data-end=\"4672\">Placez le Camembert dans un plat adapt\u00e9 ou directement dans sa bo\u00eete (sans agrafes) dans le panier.<\/p>\n<\/li>\n<li data-start=\"4673\" data-end=\"4725\">\n<p data-start=\"4676\" data-end=\"4725\">Faites cuire \u00e0 <strong data-start=\"4691\" data-end=\"4724\">180\u00b0C pendant 10 \u00e0 12 minutes<\/strong>.<\/p>\n<\/li>\n<li data-start=\"4726\" data-end=\"4827\">\n<p data-start=\"4729\" data-end=\"4827\">Ajoutez les tomates dans un plat ou une feuille de cuisson, faites cuire <strong data-start=\"4802\" data-end=\"4819\">7 \u00e0 8 minutes<\/strong> \u00e0 part.<\/p>\n<\/li>\n<li data-start=\"4828\" data-end=\"4928\">\n<p data-start=\"4831\" data-end=\"4928\">Terminez par la baguette : <strong data-start=\"4858\" data-end=\"4879\">5 minutes \u00e0 180\u00b0C<\/strong>, jusqu\u2019\u00e0 ce qu\u2019elle soit dor\u00e9e et croustillante.<\/p>\n<\/li>\n<\/ol>\n<h3 data-start=\"4935\" data-end=\"4970\"><strong data-start=\"4943\" data-end=\"4970\">Dressage et d\u00e9gustation<\/strong><\/h3>\n<ul data-start=\"4972\" data-end=\"5199\">\n<li data-start=\"4972\" data-end=\"5028\">\n<p data-start=\"4974\" data-end=\"5028\">Placez le Camembert bien chaud au centre d\u2019un plateau.<\/p>\n<\/li>\n<li data-start=\"5029\" data-end=\"5083\">\n<p data-start=\"5031\" data-end=\"5083\">Disposez autour les tranches de pain \u00e0 l\u2019ail grill\u00e9.<\/p>\n<\/li>\n<li data-start=\"5084\" data-end=\"5121\">\n<p data-start=\"5086\" data-end=\"5121\">Ajoutez les tomates cerises r\u00f4ties.<\/p>\n<\/li>\n<li data-start=\"5122\" data-end=\"5199\">\n<p data-start=\"5124\" data-end=\"5199\">Servez imm\u00e9diatement, pendant que le fromage est bien <strong data-start=\"5178\" data-end=\"5198\">coulant et chaud<\/strong>.<\/p>\n<\/li>\n<\/ul>\n<h2 data-start=\"5206\" data-end=\"5246\"><strong data-start=\"5212\" data-end=\"5246\">Variantes savoureuses \u00e0 tester<\/strong><\/h2>\n<h3 data-start=\"5248\" data-end=\"5284\">\ud83c\udf6f <strong data-start=\"5255\" data-end=\"5284\">Camembert au miel et noix<\/strong><\/h3>\n<p data-start=\"5285\" data-end=\"5374\">Ajoutez un filet de miel et des noix concass\u00e9es sur le dessus du Camembert avant cuisson.<\/p>\n<h3 data-start=\"5376\" data-end=\"5412\">\ud83c\udf47 <strong data-start=\"5383\" data-end=\"5412\">Camembert figue &amp; romarin<\/strong><\/h3>\n<p data-start=\"5413\" data-end=\"5514\">Ajoutez quelques tranches de figues fra\u00eeches ou s\u00e8ches et du romarin pour une touche m\u00e9diterran\u00e9enne.<\/p>\n<h3 data-start=\"5516\" data-end=\"5547\">\ud83e\uddc0 <strong data-start=\"5523\" data-end=\"5547\">Fromages alternatifs<\/strong><\/h3>\n<p data-start=\"5548\" data-end=\"5643\">Essayez la recette avec un <strong data-start=\"5575\" data-end=\"5583\">Brie<\/strong>, un <strong data-start=\"5588\" data-end=\"5610\">C\u0153ur de Neufch\u00e2tel<\/strong>, ou m\u00eame un petit <strong data-start=\"5629\" data-end=\"5642\">Mont d\u2019Or<\/strong>.<\/p>\n<h3 data-start=\"5645\" data-end=\"5671\">\ud83e\udd56 <strong data-start=\"5652\" data-end=\"5671\">Pain alternatif<\/strong><\/h3>\n<p data-start=\"5672\" data-end=\"5758\">Utilisez du <strong data-start=\"5684\" data-end=\"5704\">pain de campagne<\/strong>, des <strong data-start=\"5710\" data-end=\"5728\">pitas toast\u00e9es<\/strong>, ou du <strong data-start=\"5736\" data-end=\"5757\">pain aux c\u00e9r\u00e9ales<\/strong>.<\/p>\n<h2 data-start=\"5765\" data-end=\"5800\"><strong data-start=\"5771\" data-end=\"5800\">Que servir avec ce plat ?<\/strong><\/h2>\n<ul data-start=\"5802\" data-end=\"6045\">\n<li data-start=\"5802\" data-end=\"5876\">\n<p data-start=\"5804\" data-end=\"5876\">Une <strong data-start=\"5808\" data-end=\"5834\">salade verte croquante<\/strong> (roquette, m\u00e2che, vinaigrette balsamique)<\/p>\n<\/li>\n<li data-start=\"5877\" data-end=\"5947\">\n<p data-start=\"5879\" data-end=\"5947\">Des <strong data-start=\"5883\" data-end=\"5915\">cornichons ou petits oignons<\/strong> pour contraster avec le fromage<\/p>\n<\/li>\n<li data-start=\"5948\" data-end=\"5996\">\n<p data-start=\"5950\" data-end=\"5996\">Un <strong data-start=\"5953\" data-end=\"5996\">verre de vin blanc sec ou de cidre brut<\/strong><\/p>\n<\/li>\n<li data-start=\"5997\" data-end=\"6045\">\n<p data-start=\"5999\" data-end=\"6045\">Des <strong data-start=\"6003\" data-end=\"6019\">fruits frais<\/strong> : poires, pommes, raisins<\/p>\n<\/li>\n<\/ul>\n<h2 data-start=\"6052\" data-end=\"6080\"><strong data-start=\"6057\" data-end=\"6080\">Conseils et astuces<\/strong><\/h2>\n<ul data-start=\"6082\" data-end=\"6450\">\n<li data-start=\"6082\" data-end=\"6199\">\n<p data-start=\"6084\" data-end=\"6199\"><strong data-start=\"6084\" data-end=\"6111\">N\u2019enlevez pas la cro\u00fbte<\/strong> du fromage : elle prot\u00e8ge le c\u0153ur pendant la cuisson et garde le fondant \u00e0 l\u2019int\u00e9rieur.<\/p>\n<\/li>\n<li data-start=\"6200\" data-end=\"6290\">\n<p data-start=\"6202\" data-end=\"6290\">Si vous n\u2019avez pas de <strong data-start=\"6224\" data-end=\"6241\">bo\u00eete en bois<\/strong>, utilisez un petit plat en c\u00e9ramique ou en inox.<\/p>\n<\/li>\n<li data-start=\"6291\" data-end=\"6371\">\n<p data-start=\"6293\" data-end=\"6371\">Le Camembert <strong data-start=\"6306\" data-end=\"6351\">doit \u00eatre bien chaud et fondant au centre<\/strong> avant d\u2019\u00eatre servi.<\/p>\n<\/li>\n<li data-start=\"6372\" data-end=\"6450\">\n<p data-start=\"6374\" data-end=\"6450\">Pour un repas l\u00e9ger, partagez \u00e0 deux avec une <strong data-start=\"6420\" data-end=\"6449\">salade et un verre de vin<\/strong>.<\/p>\n<\/li>\n<\/ul>\n<h2 data-start=\"6457\" data-end=\"6493\"><strong data-start=\"6463\" data-end=\"6493\">FAQ \u2013 Questions fr\u00e9quentes<\/strong><\/h2>\n<h3 data-start=\"6495\" data-end=\"6536\">Peut-on pr\u00e9parer ce plat \u00e0 l\u2019avance ?<\/h3>\n<p data-start=\"6537\" data-end=\"6667\">Vous pouvez <strong data-start=\"6549\" data-end=\"6590\">pr\u00e9parer tous les \u00e9l\u00e9ments \u00e0 l\u2019avance<\/strong> (couper, assaisonner, beurrer). Il suffira de <strong data-start=\"6637\" data-end=\"6666\">cuire au moment de servir<\/strong>.<\/p>\n<h3 data-start=\"6669\" data-end=\"6705\">Quelle est la meilleure saison ?<\/h3>\n<p data-start=\"6706\" data-end=\"6809\">C\u2019est un plat qui convient <strong data-start=\"6733\" data-end=\"6752\">en toute saison<\/strong>, mais particuli\u00e8rement agr\u00e9able <strong data-start=\"6785\" data-end=\"6808\">en automne et hiver<\/strong>.<\/p>\n<h3 data-start=\"6811\" data-end=\"6839\">Le fromage ne fond pas ?<\/h3>\n<p data-start=\"6840\" data-end=\"6951\">V\u00e9rifiez la temp\u00e9rature : certains Airfryers sont moins puissants. Augmentez l\u00e9g\u00e8rement la dur\u00e9e ou la chaleur.<\/p>\n<h3 data-start=\"6953\" data-end=\"6990\">Quelle alternative v\u00e9g\u00e9tarienne ?<\/h3>\n<p data-start=\"6991\" data-end=\"7137\">Utilisez un <strong data-start=\"7003\" data-end=\"7031\">fromage v\u00e9g\u00e9tal \u00e0 fondre<\/strong> ou accompagnez simplement la baguette et les tomates avec du <strong data-start=\"7093\" data-end=\"7110\">houmous chaud<\/strong> ou du <strong data-start=\"7117\" data-end=\"7136\">tapenade maison<\/strong>.<\/p>\n<h2 data-start=\"7144\" data-end=\"7182\"><strong data-start=\"7150\" data-end=\"7182\">R\u00e9sum\u00e9 express de la recette<\/strong><\/h2>\n<ol data-start=\"7184\" data-end=\"7482\">\n<li data-start=\"7184\" data-end=\"7242\">\n<p data-start=\"7187\" data-end=\"7242\">Pr\u00e9parer le Camembert : incisions, ail, herbes, huile<\/p>\n<\/li>\n<li data-start=\"7243\" data-end=\"7298\">\n<p data-start=\"7246\" data-end=\"7298\">Beurrer la baguette avec m\u00e9lange ail-persil-beurre<\/p>\n<\/li>\n<li data-start=\"7299\" data-end=\"7335\">\n<p data-start=\"7302\" data-end=\"7335\">Assaisonner les tomates cerises<\/p>\n<\/li>\n<li data-start=\"7336\" data-end=\"7432\">\n<p data-start=\"7339\" data-end=\"7354\">Cuire \u00e0 180\u00b0C :<\/p>\n<ul data-start=\"7358\" data-end=\"7432\">\n<li data-start=\"7358\" data-end=\"7383\">\n<p data-start=\"7360\" data-end=\"7383\">Camembert : 10\u201320 min<\/p>\n<\/li>\n<li data-start=\"7387\" data-end=\"7409\">\n<p data-start=\"7389\" data-end=\"7409\">Tomates : 7\u201315 min<\/p>\n<\/li>\n<li data-start=\"7413\" data-end=\"7432\">\n<p data-start=\"7415\" data-end=\"7432\">Pain : 5\u201310 min<\/p>\n<\/li>\n<\/ul>\n<\/li>\n<li data-start=\"7433\" data-end=\"7482\">\n<p data-start=\"7436\" data-end=\"7482\">Servir chaud avec salade, vin et grand sourire<\/p>\n<\/li>\n<\/ol>\n<h2 data-start=\"7489\" data-end=\"7553\"><strong data-start=\"7495\" data-end=\"7553\">Conclusion : Un trio gagnant pour les repas conviviaux<\/strong><\/h2>\n<p data-start=\"7555\" data-end=\"7764\">Ce <strong data-start=\"7558\" data-end=\"7640\">Camembert \u00e0 l\u2019ail, accompagn\u00e9 de baguette grill\u00e9e et de tomates cerises r\u00f4ties<\/strong>, est bien plus qu\u2019une simple recette : c\u2019est une invitation \u00e0 <strong data-start=\"7703\" data-end=\"7745\">partager, savourer et se faire plaisir<\/strong> sans complication.<\/p>\n<p data-start=\"7766\" data-end=\"8087\">Facile, rapide, et plein de caract\u00e8re, ce plat rassemble les <strong data-start=\"7827\" data-end=\"7872\">grands classiques de la cuisine fran\u00e7aise<\/strong> dans un format moderne, accessible et totalement gourmand. Que vous soyez en train de pr\u00e9parer un ap\u00e9ro improvis\u00e9, un d\u00eener sans chichi ou une planche \u00e0 partager, <strong data-start=\"8036\" data-end=\"8086\">cette recette deviendra vite un incontournable<\/strong>.<\/p>\n<p data-start=\"8089\" data-end=\"8261\">Et avec la friteuse \u00e0 air, tout est plus rapide, plus propre, et encore plus croustillant. Un vrai bonheur pour les amateurs de fromage et les curieux de nouvelles saveurs.<\/p>\n","protected":false},"excerpt":{"rendered":"<p>Recette de Camembert marqu\u00e9 \u00e0 l&rsquo;ail, baguette \u00e0 l&rsquo;ail et tomates cerises r\u00f4ties : un trio irr\u00e9sistible au four ou \u00e0 l\u2019Airfryer Introduction : L\u2019\u00e9l\u00e9gance du fromage fondu \u00e0 la &#8230; <\/p>\n<p class=\"read-more-container\"><a title=\"Camembert \u00e0 l\u2019ail, pain \u00e0 l\u2019ail et tomates cerises\" class=\"read-more button\" href=\"https:\/\/airfryerchickenwings.com\/fr\/camembert-a-lail-pain-a-lail-et-tomates-cerises\/#more-74\" aria-label=\"En savoir plus sur Camembert \u00e0 l\u2019ail, pain \u00e0 l\u2019ail et tomates cerises\">Read more<\/a><\/p>\n","protected":false},"author":1,"featured_media":75,"comment_status":"open","ping_status":"open","sticky":false,"template":"","format":"standard","meta":{"footnotes":""},"categories":[1],"tags":[],"class_list":["post-74","post","type-post","status-publish","format-standard","has-post-thumbnail","hentry","category-uncategorized","generate-columns","tablet-grid-50","mobile-grid-100","grid-parent","grid-50","no-featured-image-padding"],"_links":{"self":[{"href":"https:\/\/airfryerchickenwings.com\/fr\/wp-json\/wp\/v2\/posts\/74","targetHints":{"allow":["GET"]}}],"collection":[{"href":"https:\/\/airfryerchickenwings.com\/fr\/wp-json\/wp\/v2\/posts"}],"about":[{"href":"https:\/\/airfryerchickenwings.com\/fr\/wp-json\/wp\/v2\/types\/post"}],"author":[{"embeddable":true,"href":"https:\/\/airfryerchickenwings.com\/fr\/wp-json\/wp\/v2\/users\/1"}],"replies":[{"embeddable":true,"href":"https:\/\/airfryerchickenwings.com\/fr\/wp-json\/wp\/v2\/comments?post=74"}],"version-history":[{"count":1,"href":"https:\/\/airfryerchickenwings.com\/fr\/wp-json\/wp\/v2\/posts\/74\/revisions"}],"predecessor-version":[{"id":76,"href":"https:\/\/airfryerchickenwings.com\/fr\/wp-json\/wp\/v2\/posts\/74\/revisions\/76"}],"wp:featuredmedia":[{"embeddable":true,"href":"https:\/\/airfryerchickenwings.com\/fr\/wp-json\/wp\/v2\/media\/75"}],"wp:attachment":[{"href":"https:\/\/airfryerchickenwings.com\/fr\/wp-json\/wp\/v2\/media?parent=74"}],"wp:term":[{"taxonomy":"category","embeddable":true,"href":"https:\/\/airfryerchickenwings.com\/fr\/wp-json\/wp\/v2\/categories?post=74"},{"taxonomy":"post_tag","embeddable":true,"href":"https:\/\/airfryerchickenwings.com\/fr\/wp-json\/wp\/v2\/tags?post=74"}],"curies":[{"name":"wp","href":"https:\/\/api.w.org\/{rel}","templated":true}]}}